{"id":3794,"date":"2025-11-13T09:25:19","date_gmt":"2025-11-13T08:25:19","guid":{"rendered":"https:\/\/www.renz-recht.de\/?p=3794"},"modified":"2025-11-13T09:25:19","modified_gmt":"2025-11-13T08:25:19","slug":"avertissement-relatif-a-la-marque-ktm-de-zierhut-ip-ce-que-vous-devez-savoir","status":"publish","type":"post","link":"https:\/\/www.renz-recht.de\/fr\/droit-des-marques\/avertissement-relatif-a-la-marque-ktm-de-zierhut-ip-ce-que-vous-devez-savoir\/","title":{"rendered":"Avis de contrefa\u00e7on de marque KTM \u00e9mis par Zierhut IP \u2013 ce que vous devez savoir"},"content":{"rendered":"<p>[et_pb_section fb_built=&#8220;1&#8243; fullwidth=&#8220;on&#8220; _builder_version=&#8220;4.25.2&#8243; collapsed=&#8220;off&#8220; global_colors_info=&#8220;{}&#8220;][et_pb_fullwidth_post_title author=&#8220;off&#8220; date_format=&#8220;j. F Y&#8220; featured_placement=&#8220;background&#8220; text_color=&#8220;light&#8220; admin_label=&#8220;Beitragsheader&#8220; module_class=&#8220;renz-subpage-header&#8220; _builder_version=&#8220;4.27.4&#8243; title_font_size=&#8220;60&#8243; title_line_height=&#8220;1.2em&#8220; meta_font_size=&#8220;18&#8243; title_font_size_tablet=&#8220;&#8220; title_font_size_phone=&#8220;27&#8243; title_font_size_last_edited=&#8220;on|phone&#8220; meta_font_size_tablet=&#8220;&#8220; meta_font_size_phone=&#8220;14&#8243; meta_font_size_last_edited=&#8220;on|phone&#8220; custom_css_after=&#8220;content:%22%22;||position:absolute;||top:0; right:0; bottom: 0; left:0;||background:rgba(0,0,0,0.7);||&#8220; global_colors_info=&#8220;{}&#8220;][\/et_pb_fullwidth_post_title][\/et_pb_section][et_pb_section fb_built=&#8220;1&#8243; custom_padding_last_edited=&#8220;on|phone&#8220; admin_label=&#8220;Breadcrumb&#8220; _builder_version=&#8220;4.22.1&#8243; background_color=&#8220;#eeeeee&#8220; min_height=&#8220;112.2px&#8220; custom_padding=&#8220;16px||16px|&#8220; custom_padding_tablet=&#8220;&#8220; custom_padding_phone=&#8220;&#8220; global_module=&#8220;161&#8243; collapsed=&#8220;off&#8220; global_colors_info=&#8220;{}&#8220;][et_pb_row admin_label=&#8220;Zeile&#8220; _builder_version=&#8220;4.16&#8243; collapsed=&#8220;off&#8220; global_colors_info=&#8220;{}&#8220;][et_pb_column type=&#8220;4_4&#8243; _builder_version=&#8220;4.16&#8243; custom_padding=&#8220;|||&#8220; global_colors_info=&#8220;{}&#8220; custom_padding__hover=&#8220;|||&#8220;][\/et_pb_column][\/et_pb_row][\/et_pb_section][et_pb_section fb_built=&#8220;1&#8243; custom_padding_last_edited=&#8220;on|phone&#8220; _builder_version=&#8220;4.25.2&#8243; custom_padding=&#8220;90px||0px|&#8220; custom_padding_tablet=&#8220;9%||0px|&#8220; custom_padding_phone=&#8220;&#8220; collapsed=&#8220;off&#8220; global_colors_info=&#8220;{}&#8220;][et_pb_row column_structure=&#8220;2_3,1_3&#8243; admin_label=&#8220;Zeile&#8220; _builder_version=&#8220;4.22.1&#8243; background_size=&#8220;initial&#8220; background_position=&#8220;top_left&#8220; background_repeat=&#8220;repeat&#8220; custom_padding=&#8220;122px|||1px||&#8220; global_colors_info=&#8220;{}&#8220;][et_pb_column type=&#8220;2_3&#8243; _builder_version=&#8220;4.22.1&#8243; custom_padding=&#8220;|||&#8220; global_colors_info=&#8220;{}&#8220; custom_padding__hover=&#8220;|||&#8220;][et_pb_blurb content_max_width=&#8220;100%&#8220; admin_label=&#8220;1. Abmahnung durch Contur&#8220; _builder_version=&#8220;4.27.4&#8243; header_level=&#8220;h2&#8243; header_font_size=&#8220;36&#8243; header_line_height=&#8220;1.3em&#8220; body_font_size=&#8220;16&#8243; body_line_height=&#8220;1.2em&#8220; custom_margin=&#8220;||23px|||&#8220; custom_margin_tablet=&#8220;||6%|&#8220; custom_margin_phone=&#8220;&#8220; custom_margin_last_edited=&#8220;on|phone&#8220; custom_padding=&#8220;||0px||false|false&#8220; header_font_size_tablet=&#8220;&#8220; header_font_size_phone=&#8220;27&#8243; header_font_size_last_edited=&#8220;on|phone&#8220; z_index_tablet=&#8220;500&#8243; custom_css_blurb_title=&#8220;margin-bottom: 9px;&#8220; custom_css_blurb_content=&#8220;margin-bottom: 27px;&#8220; header_text_shadow_horizontal_length_tablet=&#8220;0px&#8220; header_text_shadow_vertical_length_tablet=&#8220;0px&#8220; header_text_shadow_blur_strength_tablet=&#8220;1px&#8220; body_text_shadow_horizontal_length_tablet=&#8220;0px&#8220; body_text_shadow_vertical_length_tablet=&#8220;0px&#8220; body_text_shadow_blur_strength_tablet=&#8220;1px&#8220; body_link_text_shadow_horizontal_length_tablet=&#8220;0px&#8220; body_link_text_shadow_vertical_length_tablet=&#8220;0px&#8220; body_link_text_shadow_blur_strength_tablet=&#8220;1px&#8220; body_ul_text_shadow_horizontal_length_tablet=&#8220;0px&#8220; body_ul_text_shadow_vertical_length_tablet=&#8220;0px&#8220; body_ul_text_shadow_blur_strength_tablet=&#8220;1px&#8220; body_ol_text_shadow_horizontal_length_tablet=&#8220;0px&#8220; body_ol_text_shadow_vertical_length_tablet=&#8220;0px&#8220; body_ol_text_shadow_blur_strength_tablet=&#8220;1px&#8220; body_quote_text_shadow_horizontal_length_tablet=&#8220;0px&#8220; body_quote_text_shadow_vertical_length_tablet=&#8220;0px&#8220; body_quote_text_shadow_blur_strength_tablet=&#8220;1px&#8220; box_shadow_horizontal_tablet=&#8220;0px&#8220; box_shadow_vertical_tablet=&#8220;0px&#8220; box_shadow_blur_tablet=&#8220;40px&#8220; box_shadow_spread_tablet=&#8220;0px&#8220; box_shadow_horizontal_image_tablet=&#8220;0px&#8220; box_shadow_vertical_image_tablet=&#8220;0px&#8220; box_shadow_blur_image_tablet=&#8220;40px&#8220; box_shadow_spread_image_tablet=&#8220;0px&#8220; text_shadow_horizontal_length_tablet=&#8220;0px&#8220; text_shadow_vertical_length_tablet=&#8220;0px&#8220; text_shadow_blur_strength_tablet=&#8220;1px&#8220; global_module=&#8220;202&#8243; saved_tabs=&#8220;all&#8220; global_colors_info=&#8220;{}&#8220;]<\/p>\n<p data-start=\"584\" data-end=\"967\">Les d\u00e9taillants en ligne et les fournisseurs de pi\u00e8ces d\u00e9tach\u00e9es re\u00e7oivent de plus en plus de mises en demeure de la part de Zierhut IP, agissant pour le compte de KTM AG. Le motif\u00a0: contrefa\u00e7on de marque par utilisation non autoris\u00e9e du terme \u201e\u00a0KTM\u00a0\u201c dans les titres d\u2019articles ou les descriptions de produits. Les vendeurs proposant des accessoires ou des pi\u00e8ces d\u00e9tach\u00e9es pour motos sans vendre de produits KTM authentiques sont particuli\u00e8rement touch\u00e9s.<\/p>\n<p data-start=\"969\" data-end=\"1157\">Cet article explique ce qui se cache derri\u00e8re les lettres d&#039;avertissement de KTM, quelles sont les exigences formul\u00e9es et comment r\u00e9agir correctement pour \u00e9viter des co\u00fbts \u00e9lev\u00e9s et des risques juridiques.<\/p>\n<h2 data-start=\"1164\" data-end=\"1212\">KTM \u2013 une marque forte, une protection stricte de sa marque<\/h2>\n<p data-start=\"1214\" data-end=\"1510\">KTM AG est l&#039;un des principaux constructeurs de motos en Europe et jouit d&#039;une renomm\u00e9e mondiale pour ses mod\u00e8les hautes performances, allant des motos de motocross et de course aux motos de tourisme. Avec un chiffre d&#039;affaires annuel de plus de 1,8 milliard d&#039;euros, KTM est consid\u00e9r\u00e9 comme le leader du march\u00e9 europ\u00e9en de la moto.<\/p>\n<p data-start=\"1512\" data-end=\"1901\">Afin de prot\u00e9ger son identit\u00e9 de marque, KTM AG a d\u00e9pos\u00e9 de nombreuses marques verbales et figuratives contenant le c\u00e9l\u00e8bre logo \u201e\u00a0KTM\u00a0\u201c, prot\u00e9g\u00e9es par le droit des marques en Allemagne et \u00e0 l\u2019international. Cette protection s\u2019\u00e9tend non seulement aux motos, cyclomoteurs et scooters, mais aussi aux pi\u00e8ces d\u00e9tach\u00e9es, accessoires, v\u00e9los, ainsi qu\u2019aux services d\u2019entretien et de r\u00e9paration.<\/p>\n<p data-start=\"1903\" data-end=\"2109\">Cette protection compl\u00e8te des marques signifie que KTM prend syst\u00e9matiquement des mesures contre l&#039;utilisation non autoris\u00e9e de sa marque, notamment lorsque des tiers utilisent la d\u00e9signation \u201e\u00a0KTM\u00a0\u201c sans autorisation dans leurs offres en ligne.<\/p>\n<h2 data-start=\"2116\" data-end=\"2183\">Quelles sont les exigences formul\u00e9es par Zierhut IP dans les lettres de mise en demeure adress\u00e9es \u00e0 KTM\u00a0?<\/h2>\n<p data-start=\"2185\" data-end=\"2475\">Dans les mises en demeure adress\u00e9es par le cabinet d&#039;avocats Zierhut IP au nom de KTM AG, les parties concern\u00e9es se voient imposer plusieurs exigences et obligations. Celles-ci comprennent la cessation de la contrefa\u00e7on de marque, la communication d&#039;informations et le remboursement des frais engag\u00e9s.<\/p>\n<p data-start=\"2477\" data-end=\"2529\"><strong data-start=\"2477\" data-end=\"2529\">En r\u00e8gle g\u00e9n\u00e9rale, les avocats en propri\u00e9t\u00e9 intellectuelle de Zierhut exigent\u00a0:<\/strong><\/p>\n<h3 data-start=\"2531\" data-end=\"2589\">Soumission d&#039;une d\u00e9claration de cessation et d&#039;abstention juridiquement contraignante<\/h3>\n<p data-start=\"2591\" data-end=\"2839\">Les personnes ayant re\u00e7u une mise en demeure sont tenues de d\u00e9poser une d\u00e9claration de cessation d&#039;utilisation conform\u00e9ment \u00e0 la coutume de Hambourg. Cette d\u00e9claration les oblige \u00e0 s&#039;abstenir d&#039;utiliser la marque \u201e\u00a0KTM\u00a0\u201c sans autorisation \u00e0 l&#039;avenir. Toute infraction peut entra\u00eener des sanctions contractuelles importantes.<\/p>\n<h3 data-start=\"2841\" data-end=\"2878\">Fourniture d&#039;informations compl\u00e8tes<\/h3>\n<p data-start=\"2880\" data-end=\"3167\">De plus, des informations d\u00e9taill\u00e9es sont requises \u2013 par exemple, concernant les fabricants, les fournisseurs, les quantit\u00e9s livr\u00e9es, les prix d&#039;achat, les p\u00e9riodes de vente, les offres et les actions publicitaires \u2013 et ces informations doivent \u00eatre \u00e9tay\u00e9es par des pi\u00e8ces justificatives. Ces informations servent de base au calcul ult\u00e9rieur des dommages et int\u00e9r\u00eats.<\/p>\n<h3 data-start=\"3169\" data-end=\"3204\">Remboursement des frais d&#039;avertissement<\/h3>\n<p data-start=\"3206\" data-end=\"3469\">Enfin, le cabinet Zierhut IP Attorneys r\u00e9clame g\u00e9n\u00e9ralement le paiement de 4\u00a0120\u00a0\u20ac \u00e0 titre de frais de mise en demeure. Ce montant est calcul\u00e9 sur la base d&#039;un enjeu financier important, refl\u00e9tant l&#039;int\u00e9r\u00eat \u00e9conomique de KTM AG \u00e0 prot\u00e9ger sa marque.<\/p>\n<p data-start=\"3471\" data-end=\"3774\"><strong data-start=\"3471\" data-end=\"3538\">Ne signez ni ne payez rien sans consultation juridique.<\/strong><br data-start=\"3538\" data-end=\"3541\" \/>Une r\u00e9action h\u00e2tive peut avoir des cons\u00e9quences juridiques et financi\u00e8res \u00e0 long terme. Un avocat sp\u00e9cialis\u00e9 en droit des marques peut \u00e9valuer la validit\u00e9 et la port\u00e9e des revendications et \u00e9laborer une strat\u00e9gie de d\u00e9fense appropri\u00e9e.<\/p>\n<h2 data-start=\"3781\" data-end=\"3855\">Ne n\u00e9gligez en aucun cas la lettre d&#039;avertissement de KTM \u2013 des poursuites judiciaires et des frais importants sont imminents.<\/h2>\n<p data-start=\"3857\" data-end=\"4067\">Toute personne recevant une mise en demeure de KTM AG par l&#039;interm\u00e9diaire du cabinet d&#039;avocats Zierhut IP ne doit en aucun cas l&#039;ignorer. Ces lettres constituent des notifications s\u00e9rieuses de contrefa\u00e7on de marque et ne sont ni des falsifications ni des courriels de masse.<\/p>\n<p data-start=\"4069\" data-end=\"4217\">Si la lettre d&#039;avertissement reste sans r\u00e9ponse ou ne re\u00e7oit qu&#039;une r\u00e9ponse insuffisante, des poursuites judiciaires sont envisag\u00e9es, avec des cons\u00e9quences financi\u00e8res importantes.<\/p>\n<p data-start=\"4219\" data-end=\"4264\">Un proc\u00e8s peut rapidement devenir co\u00fbteux :<\/p>\n<ul data-start=\"4266\" data-end=\"4515\">\n<li data-start=\"4266\" data-end=\"4373\">\n<p data-start=\"4268\" data-end=\"4373\">Dans une affaire portant sur une injonction d&#039;une valeur de 300\u00a0000 euros, les frais de justice s&#039;\u00e9l\u00e8vent \u00e0 eux seuls \u00e0 environ 8\u00a0000 euros.<\/p>\n<\/li>\n<li data-start=\"4374\" data-end=\"4451\">\n<p data-start=\"4376\" data-end=\"4451\">De plus, les deux parties devront s&#039;acquitter de frais juridiques pouvant atteindre 7\u00a0000 euros.<\/p>\n<\/li>\n<li data-start=\"4452\" data-end=\"4515\">\n<p data-start=\"4454\" data-end=\"4515\">Le co\u00fbt total des frais juridiques peut d\u00e9passer 20 000 euros.<\/p>\n<\/li>\n<\/ul>\n<p data-start=\"4517\" data-end=\"4788\">Si la lettre de mise en demeure est juridiquement justifi\u00e9e, il est conseill\u00e9 d&#039;\u00e9viter tout litige relatif \u00e0 la demande de cessation et d&#039;abstention. Un r\u00e8glement \u00e0 l&#039;amiable \u2013 par exemple, par le biais d&#039;une d\u00e9claration de cessation et d&#039;abstention modifi\u00e9e \u2013 peut r\u00e9duire consid\u00e9rablement les co\u00fbts et les risques.<\/p>\n<p data-start=\"4790\" data-end=\"5011\">La situation est souvent diff\u00e9rente en ce qui concerne les frais d&#039;avertissement et les demandes de dommages-int\u00e9r\u00eats\u00a0: dans ce cas, un examen juridique est judicieux, car ces montants sont souvent fix\u00e9s \u00e0 un niveau trop \u00e9lev\u00e9 et peuvent \u00eatre n\u00e9goci\u00e9s ou r\u00e9duits.<\/p>\n<h2 data-start=\"5018\" data-end=\"5096\">Pourquoi une notification de contrefa\u00e7on de marque doit toujours \u00eatre examin\u00e9e par un avocat<\/h2>\n<p data-start=\"5098\" data-end=\"5385\">Toutes les notifications d&#039;atteinte aux marques ne sont pas l\u00e9gitimes. M\u00eame les lettres qui paraissent convaincantes au premier abord peuvent contenir des erreurs de forme ou de fond. Par cons\u00e9quent, les personnes concern\u00e9es devraient toujours faire examiner par un avocat sp\u00e9cialis\u00e9 en droit des marques toute mise en demeure de KTM AG ou d&#039;autres titulaires de marques.<\/p>\n<p data-start=\"5387\" data-end=\"5534\">Le droit des marques est l&#039;un des domaines les plus complexes du droit de la propri\u00e9t\u00e9 intellectuelle. M\u00eame les avocats les plus exp\u00e9riment\u00e9s ont du mal \u00e0 l&#039;\u00e9valuer.,<\/p>\n<ul data-start=\"5536\" data-end=\"5798\">\n<li data-start=\"5536\" data-end=\"5590\">\n<p data-start=\"5538\" data-end=\"5590\">qu&#039;il y ait effectivement utilisation de la marque,<\/p>\n<\/li>\n<li data-start=\"5591\" data-end=\"5659\">\n<p data-start=\"5593\" data-end=\"5659\">si une utilisation l\u00e9gitime au sens de l&#039;article 23 de la loi allemande sur les marques est possible,<\/p>\n<\/li>\n<li data-start=\"5660\" data-end=\"5718\">\n<p data-start=\"5662\" data-end=\"5718\">si les droits de marque sont \u00e9puis\u00e9s conform\u00e9ment \u00e0 l&#039;article 24 de la loi allemande sur les marques,<\/p>\n<\/li>\n<li data-start=\"5719\" data-end=\"5798\">\n<p data-start=\"5721\" data-end=\"5798\">ou s\u2019il existe un risque de confusion au sens du droit des marques.<\/p>\n<\/li>\n<\/ul>\n<p data-start=\"5800\" data-end=\"6079\">Notamment dans le cas d&#039;un avertissement relatif \u00e0 la marque KTM \u00e9mis par Zierhut IP, il est essentiel d&#039;examiner attentivement si la d\u00e9signation \u201e\u00a0KTM\u00a0\u201c a \u00e9t\u00e9 utilis\u00e9e dans la description du produit concern\u00e9e comme indication d&#039;origine (et donc comme marque) ou simplement \u00e0 titre descriptif \u2013 par exemple, au sens de \u201e\u00a0convient aux mod\u00e8les KTM\u00a0\u201c.<\/p>\n<p data-start=\"6081\" data-end=\"6204\">Outre de solides connaissances juridiques, l&#039;exp\u00e9rience des relations avec les cabinets d&#039;avocats sp\u00e9cialis\u00e9s dans les mises en demeure et les comp\u00e9tences en n\u00e9gociation sont \u00e9galement essentielles.<\/p>\n<p data-start=\"6206\" data-end=\"6379\"><strong data-start=\"6206\" data-end=\"6379\">Seul un avocat sp\u00e9cialis\u00e9 en marques de commerce peut \u00e9valuer correctement la situation juridique, se d\u00e9fendre contre les demandes excessives et \u00e9laborer une strat\u00e9gie de d\u00e9fense sur mesure.<\/strong><\/p>\n<h2 data-start=\"6386\" data-end=\"6473\">Pourquoi un accompagnement juridique est vraiment payant dans le cadre d&#039;une lettre de mise en demeure de marque.<\/h2>\n<p data-start=\"6475\" data-end=\"6772\">Une mise en demeure pour contrefa\u00e7on de marque, par exemple \u00e9manant du cabinet d&#039;avocats Zierhut IP pour le compte de KTM AG, peut rapidement s&#039;av\u00e9rer on\u00e9reuse. Outre les frais d&#039;avocat et les demandes de dommages et int\u00e9r\u00eats, elle comporte \u00e9galement des risques \u00e0 long terme, notamment des sanctions contractuelles en cas de non-respect de la mise en demeure.<\/p>\n<p data-start=\"6774\" data-end=\"6891\">Par cons\u00e9quent, faire appel \u00e0 un avocat sp\u00e9cialis\u00e9 en marques est non seulement recommand\u00e9, mais aussi judicieux sur le plan \u00e9conomique\u00a0:<\/p>\n<h3 data-start=\"6893\" data-end=\"6925\">Lettre d&#039;avertissement injustifi\u00e9e ?<\/h3>\n<p data-start=\"6926\" data-end=\"7132\">Si la mise en demeure pour contrefa\u00e7on de marque s&#039;av\u00e8re infond\u00e9e, vous n&#039;aurez \u00e0 payer ni dommages et int\u00e9r\u00eats ni frais d&#039;avocat. Dans de nombreux cas, l&#039;exp\u00e9diteur de la mise en demeure est m\u00eame tenu de vous rembourser vos frais d&#039;avocat.<\/p>\n<h3 data-start=\"7134\" data-end=\"7164\">Avertissement justifi\u00e9 ?<\/h3>\n<p data-start=\"7165\" data-end=\"7389\">M\u00eame si la lettre d&#039;avertissement est globalement correcte, un avis juridique peut contribuer \u00e0 limiter les dommages. Un avocat exp\u00e9riment\u00e9 veillera \u00e0 ce qu&#039;aucune injonction de cesser et de s&#039;abstenir trop g\u00e9n\u00e9rale ne soit \u00e9mise, car de telles injonctions sont valables \u00e0 vie.<\/p>\n<h3 data-start=\"7391\" data-end=\"7424\">\u00c9vitez les p\u00e9nalit\u00e9s contractuelles<\/h3>\n<p data-start=\"7425\" data-end=\"7642\">Le non-respect d&#039;une mise en demeure ant\u00e9rieure est particuli\u00e8rement risqu\u00e9. Un examen juridique vous permet d&#039;adapter vos offres en ligne afin de garantir leur conformit\u00e9 l\u00e9gale et d&#039;\u00e9viter d&#039;\u00e9ventuelles sanctions contractuelles.<\/p>\n<p data-start=\"7644\" data-end=\"7822\">Par cons\u00e9quent, avant de soumettre une d\u00e9claration de cessation et d&#039;abstention, toutes les offres de produits concern\u00e9es \u2013 en particulier celles contenant le terme \u201e\u00a0KTM\u00a0\u201c \u2013 doivent \u00eatre soigneusement examin\u00e9es et r\u00e9vis\u00e9es.<\/p>\n<p data-start=\"7824\" data-end=\"7970\">Des conseils juridiques comp\u00e9tents vous garantissent de pouvoir continuer \u00e0 faire la publicit\u00e9 de vos produits en toute l\u00e9galit\u00e9, sans enfreindre les droits des marques.<\/p>\n<h2 data-start=\"7977\" data-end=\"8033\">Que faire si vous recevez une lettre de mise en demeure de Zierhut IP et KTM\u00a0?<\/h2>\n<p data-start=\"8035\" data-end=\"8239\">Une lettre de mise en demeure de KTM ne doit \u00eatre ni ignor\u00e9e ni sous-estim\u00e9e. Les d\u00e9lais courts, les montants en litige \u00e9lev\u00e9s et les d\u00e9clarations de cessation d&#039;activit\u00e9 de grande port\u00e9e comportent des risques importants. Les \u00e9tapes suivantes sont d\u00e9sormais essentielles\u00a0:<\/p>\n<h3 data-start=\"8241\" data-end=\"8281\">Restez calme et notez la date limite.<\/h3>\n<p data-start=\"8282\" data-end=\"8445\">Ne vous laissez pas influencer par la pression. Notez la date limite et r\u00e9pondez rapidement\u00a0; sinon, vous risquez des poursuites judiciaires et des frais suppl\u00e9mentaires importants.<\/p>\n<h3 data-start=\"8447\" data-end=\"8476\">Ne signez rien.<\/h3>\n<p data-start=\"8477\" data-end=\"8620\">La d\u00e9claration de cessation et d&#039;abstention ci-jointe est valable \u00e0 vie et est g\u00e9n\u00e9ralement formul\u00e9e de mani\u00e8re trop vague. Elle ne devrait \u00eatre soumise qu&#039;apr\u00e8s examen juridique.<\/p>\n<h3 data-start=\"8622\" data-end=\"8658\">Aucun paiement sans v\u00e9rification<\/h3>\n<p data-start=\"8659\" data-end=\"8782\">Le co\u00fbt d&#039;une lettre de mise en demeure, d&#039;environ 4\u00a0000\u00a0\u20ac, est souvent n\u00e9gociable. Un avocat peut v\u00e9rifier si la demande est justifi\u00e9e ou excessive.<\/p>\n<h3 data-start=\"8784\" data-end=\"8810\">Contactez un avocat<\/h3>\n<p data-start=\"8811\" data-end=\"8962\">Le droit des marques est complexe. Un avocat examine si une contrefa\u00e7on de marque a effectivement eu lieu et \u00e9labore une strat\u00e9gie de d\u00e9fense solide.<\/p>\n<h3 data-start=\"8964\" data-end=\"9013\">Ne communiquez pas directement avec Zierhut IP<\/h3>\n<p data-start=\"9014\" data-end=\"9122\">Le contact direct peut affaiblir votre position. Laissez toute communication \u00e0 votre avocat.<\/p>\n<p>[\/et_pb_blurb][et_pb_code admin_label=&#8220;Social Share Plugin&#8220; _builder_version=&#8220;4.16&#8243; custom_margin=&#8220;40px||40px|&#8220; z_index_tablet=&#8220;500&#8243; global_colors_info=&#8220;{}&#8220;]<div class=\"shariff shariff-align-flex-start shariff-widget-align-flex-start\"><div class=\"ShariffHeadline\">Partagez cette publication<\/div><ul class=\"shariff-buttons theme-default orientation-horizontal buttonsize-medium\"><li class=\"shariff-button mailto shariff-nocustomcolor\" style=\"background-color:#a8a8a8\"><a href=\"mailto:?body=https%3A%2F%2Fwww.renz-recht.de%2Ffr%2Fdroit-des-marques%2Favertissement-relatif-a-la-marque-ktm-de-zierhut-ip-ce-que-vous-devez-savoir%2F&subject=KTM-Markenabmahnung%20durch%20Zierhut%20IP%20%E2%80%93%20was%20Sie%20jetzt%20wissen%20sollten\" title=\"Envoyer par email\" aria-label=\"Envoyer par email\" role=\"button\" rel=\"noopener nofollow\" class=\"shariff-link\" style=\"; background-color:#999; color:#fff\"><span class=\"shariff-icon\" style=\"\"><svg width=\"32px\" height=\"20px\" xmlns=\"http:\/\/www.w3.org\/2000\/svg\" viewbox=\"0 0 32 32\"><path fill=\"#999\" d=\"M32 12.7v14.2q0 1.2-0.8 2t-2 0.9h-26.3q-1.2 0-2-0.9t-0.8-2v-14.2q0.8 0.9 1.8 1.6 6.5 4.4 8.9 6.1 1 0.8 1.6 1.2t1.7 0.9 2 0.4h0.1q0.9 0 2-0.4t1.7-0.9 1.6-1.2q3-2.2 8.9-6.1 1-0.7 1.8-1.6zM32 7.4q0 1.4-0.9 2.7t-2.2 2.2q-6.7 4.7-8.4 5.8-0.2 0.1-0.7 0.5t-1 0.7-0.9 0.6-1.1 0.5-0.9 0.2h-0.1q-0.4 0-0.9-0.2t-1.1-0.5-0.9-0.6-1-0.7-0.7-0.5q-1.6-1.1-4.7-3.2t-3.6-2.6q-1.1-0.7-2.1-2t-1-2.5q0-1.4 0.7-2.3t2.1-0.9h26.3q1.2 0 2 0.8t0.9 2z\"\/><\/svg><\/span><span class=\"shariff-text\">courriel<\/span>&nbsp;<\/a><\/li><\/ul><\/div>[\/et_pb_code][et_pb_blurb title=&#8220;\u00dcber die Autorin&#8220; content_max_width=&#8220;100%&#8220; admin_label=&#8220;\u00dcber die Autorin&#8220; _builder_version=&#8220;4.16&#8243; header_level=&#8220;h2&#8243; header_font_size=&#8220;27&#8243; custom_margin=&#8220;||0px|&#8220; locked=&#8220;on&#8220; global_colors_info=&#8220;{}&#8220;][\/et_pb_blurb][et_pb_team_member name=&#8220;Anne-Kathrin Renz&#8220; image_url=&#8220;https:\/\/www.renz-recht.de\/wp-content\/uploads\/2020\/03\/Renz__-scaled.jpg&#8220; admin_label=&#8220;Anne Kathrin Renz&#8220; _builder_version=&#8220;4.9.2&#8243; header_level=&#8220;h3&#8243; body_line_height=&#8220;1.3em&#8220; background_color=&#8220;#eeeeee&#8220; custom_padding=&#8220;18px|18px|18px|18px&#8220; z_index_tablet=&#8220;500&#8243; header_text_shadow_horizontal_length_tablet=&#8220;0px&#8220; header_text_shadow_vertical_length_tablet=&#8220;0px&#8220; header_text_shadow_blur_strength_tablet=&#8220;1px&#8220; body_text_shadow_horizontal_length_tablet=&#8220;0px&#8220; body_text_shadow_vertical_length_tablet=&#8220;0px&#8220; body_text_shadow_blur_strength_tablet=&#8220;1px&#8220; position_text_shadow_horizontal_length_tablet=&#8220;0px&#8220; position_text_shadow_vertical_length_tablet=&#8220;0px&#8220; position_text_shadow_blur_strength_tablet=&#8220;1px&#8220; body_link_text_shadow_horizontal_length_tablet=&#8220;0px&#8220; body_link_text_shadow_vertical_length_tablet=&#8220;0px&#8220; body_link_text_shadow_blur_strength_tablet=&#8220;1px&#8220; body_ul_text_shadow_horizontal_length_tablet=&#8220;0px&#8220; body_ul_text_shadow_vertical_length_tablet=&#8220;0px&#8220; body_ul_text_shadow_blur_strength_tablet=&#8220;1px&#8220; body_ol_text_shadow_horizontal_length_tablet=&#8220;0px&#8220; body_ol_text_shadow_vertical_length_tablet=&#8220;0px&#8220; body_ol_text_shadow_blur_strength_tablet=&#8220;1px&#8220; body_quote_text_shadow_horizontal_length_tablet=&#8220;0px&#8220; body_quote_text_shadow_vertical_length_tablet=&#8220;0px&#8220; body_quote_text_shadow_blur_strength_tablet=&#8220;1px&#8220; box_shadow_horizontal_tablet=&#8220;0px&#8220; box_shadow_vertical_tablet=&#8220;0px&#8220; box_shadow_blur_tablet=&#8220;40px&#8220; box_shadow_spread_tablet=&#8220;0px&#8220; box_shadow_horizontal_image_tablet=&#8220;0px&#8220; box_shadow_vertical_image_tablet=&#8220;0px&#8220; box_shadow_blur_image_tablet=&#8220;40px&#8220; box_shadow_spread_image_tablet=&#8220;0px&#8220; text_shadow_horizontal_length_tablet=&#8220;0px&#8220; text_shadow_vertical_length_tablet=&#8220;0px&#8220; text_shadow_blur_strength_tablet=&#8220;1px&#8220; global_module=&#8220;556&#8243; saved_tabs=&#8220;all&#8220; locked=&#8220;off&#8220; global_colors_info=&#8220;{}&#8220;]<\/p>\n<p>Anne-Kathrin Renz est avocate, d\u00e9l\u00e9gu\u00e9e \u00e0 la protection des donn\u00e9es et conf\u00e9renci\u00e8re. Elle a compl\u00e9t\u00e9 la partie th\u00e9orique de sa formation d&#039;avocate sp\u00e9cialis\u00e9e en droit de la propri\u00e9t\u00e9 intellectuelle et en droit des technologies de l&#039;information. Dans son blog, elle rend compte de sujets d\u2019actualit\u00e9 du monde num\u00e9rique du droit.<\/p>\n<p>[\/et_pb_team_member][\/et_pb_column][et_pb_column type=&#8220;1_3&#8243; _builder_version=&#8220;4.22.1&#8243; custom_padding=&#8220;|||&#8220; global_colors_info=&#8220;{}&#8220; custom_padding__hover=&#8220;|||&#8220;][et_pb_sidebar area=&#8220;et_pb_widget_area_2&#8243; admin_label=&#8220;Sidebar Kategorien&#8220; module_class=&#8220;sidebar-menu&#8220; _builder_version=&#8220;4.22.1&#8243; header_font_size=&#8220;30&#8243; header_line_height=&#8220;1.2em&#8220; body_font_size=&#8220;16&#8243; background_color=&#8220;#26173a&#8220; background_size=&#8220;initial&#8220; background_repeat=&#8220;repeat&#8220; background_layout=&#8220;dark&#8220; custom_margin=&#8220;||45px|&#8220; custom_padding=&#8220;18px|18px|18px|18px&#8220; z_index_tablet=&#8220;500&#8243; header_text_shadow_horizontal_length_tablet=&#8220;0px&#8220; header_text_shadow_vertical_length_tablet=&#8220;0px&#8220; header_text_shadow_blur_strength_tablet=&#8220;1px&#8220; body_text_shadow_horizontal_length_tablet=&#8220;0px&#8220; body_text_shadow_vertical_length_tablet=&#8220;0px&#8220; body_text_shadow_blur_strength_tablet=&#8220;1px&#8220; box_shadow_horizontal_tablet=&#8220;0px&#8220; box_shadow_vertical_tablet=&#8220;0px&#8220; box_shadow_blur_tablet=&#8220;40px&#8220; box_shadow_spread_tablet=&#8220;0px&#8220; text_shadow_horizontal_length_tablet=&#8220;0px&#8220; text_shadow_vertical_length_tablet=&#8220;0px&#8220; text_shadow_blur_strength_tablet=&#8220;1px&#8220; global_module=&#8220;182&#8243; saved_tabs=&#8220;all&#8220; locked=&#8220;off&#8220; global_colors_info=&#8220;{}&#8220;][\/et_pb_sidebar][et_pb_sidebar area=&#8220;et_pb_widget_area_1&#8243; admin_label=&#8220;Sidebar Kategorien&#8220; module_class=&#8220;sidebar-menu&#8220; _builder_version=&#8220;4.22.1&#8243; header_font_size=&#8220;30&#8243; header_line_height=&#8220;1.2em&#8220; body_font_size=&#8220;16&#8243; background_color=&#8220;#26173a&#8220; background_size=&#8220;initial&#8220; background_repeat=&#8220;repeat&#8220; background_layout=&#8220;dark&#8220; custom_margin=&#8220;||45px|&#8220; custom_padding=&#8220;18px|18px|18px|18px&#8220; z_index_tablet=&#8220;500&#8243; header_text_shadow_horizontal_length_tablet=&#8220;0px&#8220; header_text_shadow_vertical_length_tablet=&#8220;0px&#8220; header_text_shadow_blur_strength_tablet=&#8220;1px&#8220; body_text_shadow_horizontal_length_tablet=&#8220;0px&#8220; body_text_shadow_vertical_length_tablet=&#8220;0px&#8220; body_text_shadow_blur_strength_tablet=&#8220;1px&#8220; box_shadow_horizontal_tablet=&#8220;0px&#8220; box_shadow_vertical_tablet=&#8220;0px&#8220; box_shadow_blur_tablet=&#8220;40px&#8220; box_shadow_spread_tablet=&#8220;0px&#8220; text_shadow_horizontal_length_tablet=&#8220;0px&#8220; text_shadow_vertical_length_tablet=&#8220;0px&#8220; text_shadow_blur_strength_tablet=&#8220;1px&#8220; global_module=&#8220;182&#8243; saved_tabs=&#8220;all&#8220; locked=&#8220;off&#8220; global_colors_info=&#8220;{}&#8220;][\/et_pb_sidebar][et_pb_blurb title=&#8220;Jetzt Rechtsberatung anfragen!&#8220; content_max_width=&#8220;100%&#8220; admin_label=&#8220;Sidebar Kontaktformular&#8220; _builder_version=&#8220;4.16&#8243; header_level=&#8220;h3&#8243; header_font_size=&#8220;30&#8243; header_line_height=&#8220;1.2em&#8220; background_color=&#8220;#26173a&#8220; background_layout=&#8220;dark&#8220; custom_padding=&#8220;18px|18px|18px|18px&#8220; header_font_size_tablet=&#8220;&#8220; header_font_size_phone=&#8220;21&#8243; header_font_size_last_edited=&#8220;on|phone&#8220; z_index_tablet=&#8220;500&#8243; custom_css_blurb_title=&#8220;margin-bottom:9px !important;&#8220; header_text_shadow_horizontal_length_tablet=&#8220;0px&#8220; header_text_shadow_vertical_length_tablet=&#8220;0px&#8220; header_text_shadow_blur_strength_tablet=&#8220;1px&#8220; body_text_shadow_horizontal_length_tablet=&#8220;0px&#8220; body_text_shadow_vertical_length_tablet=&#8220;0px&#8220; body_text_shadow_blur_strength_tablet=&#8220;1px&#8220; body_link_text_shadow_horizontal_length_tablet=&#8220;0px&#8220; body_link_text_shadow_vertical_length_tablet=&#8220;0px&#8220; body_link_text_shadow_blur_strength_tablet=&#8220;1px&#8220; body_ul_text_shadow_horizontal_length_tablet=&#8220;0px&#8220; body_ul_text_shadow_vertical_length_tablet=&#8220;0px&#8220; body_ul_text_shadow_blur_strength_tablet=&#8220;1px&#8220; body_ol_text_shadow_horizontal_length_tablet=&#8220;0px&#8220; body_ol_text_shadow_vertical_length_tablet=&#8220;0px&#8220; body_ol_text_shadow_blur_strength_tablet=&#8220;1px&#8220; body_quote_text_shadow_horizontal_length_tablet=&#8220;0px&#8220; body_quote_text_shadow_vertical_length_tablet=&#8220;0px&#8220; body_quote_text_shadow_blur_strength_tablet=&#8220;1px&#8220; box_shadow_horizontal_tablet=&#8220;0px&#8220; box_shadow_vertical_tablet=&#8220;0px&#8220; box_shadow_blur_tablet=&#8220;40px&#8220; box_shadow_spread_tablet=&#8220;0px&#8220; box_shadow_horizontal_image_tablet=&#8220;0px&#8220; box_shadow_vertical_image_tablet=&#8220;0px&#8220; box_shadow_blur_image_tablet=&#8220;40px&#8220; box_shadow_spread_image_tablet=&#8220;0px&#8220; text_shadow_horizontal_length_tablet=&#8220;0px&#8220; text_shadow_vertical_length_tablet=&#8220;0px&#8220; text_shadow_blur_strength_tablet=&#8220;1px&#8220; saved_tabs=&#8220;all&#8220; locked=&#8220;off&#8220; global_colors_info=&#8220;{}&#8220;]\n<div class=\"wpcf7 no-js\" id=\"wpcf7-f160-o1\" lang=\"de-DE\" dir=\"ltr\" data-wpcf7-id=\"160\">\n<div class=\"screen-reader-response\"><p role=\"status\" aria-live=\"polite\" aria-atomic=\"true\"><\/p> <ul><\/ul><\/div>\n<form action=\"\/fr\/wp-json\/wp\/v2\/posts\/3794#wpcf7-f160-o1\" method=\"post\" class=\"wpcf7-form init wpcf7-acceptance-as-validation\" aria-label=\"Formulaire de contact\" enctype=\"multipart\/form-data\" novalidate=\"novalidate\" data-status=\"init\" data-trp-original-action=\"\/fr\/wp-json\/wp\/v2\/posts\/3794#wpcf7-f160-o1\">\n<fieldset class=\"hidden-fields-container\"><input type=\"hidden\" name=\"_wpcf7\" value=\"160\" \/><input type=\"hidden\" name=\"_wpcf7_version\" value=\"6.1.4\" \/><input type=\"hidden\" name=\"_wpcf7_locale\" value=\"de_DE\" \/><input type=\"hidden\" name=\"_wpcf7_unit_tag\" value=\"wpcf7-f160-o1\" \/><input type=\"hidden\" name=\"_wpcf7_container_post\" value=\"0\" \/><input type=\"hidden\" name=\"_wpcf7_posted_data_hash\" value=\"\" \/>\n<\/fieldset>\n<p>Les champs obligatoires sont marqu\u00e9s d&#039;un *.\n<\/p>\n<div class=\"form-row\">\n\t<p><span class=\"wpcf7-form-control-wrap\" data-name=\"vorname\"><input size=\"40\" maxlength=\"400\" class=\"wpcf7-form-control wpcf7-text wpcf7-validates-as-required\" aria-required=\"true\" aria-invalid=\"false\" placeholder=\"Nom*\" value=\"\" type=\"text\" name=\"vorname\" \/><\/span>\n\t<\/p>\n<\/div>\n<div class=\"form-row\">\n\t<p><span class=\"wpcf7-form-control-wrap\" data-name=\"email\"><input size=\"40\" maxlength=\"400\" class=\"wpcf7-form-control wpcf7-email wpcf7-validates-as-required wpcf7-text wpcf7-validates-as-email\" aria-required=\"true\" aria-invalid=\"false\" placeholder=\"Adresse email*\" value=\"\" type=\"email\" name=\"email\" \/><\/span><span id=\"wpcf7-69f5df273828a-wrapper\" class=\"wpcf7-form-control-wrap website-wrap\" ><label for=\"wpcf7-69f5df273828a-field\" class=\"hp-message\">Veuillez laisser ce champ vide.<\/label><input id=\"wpcf7-69f5df273828a-field\"  class=\"wpcf7-form-control wpcf7-text\" type=\"text\" name=\"website\" value=\"\" size=\"40\" tabindex=\"-1\" autocomplete=\"new-password\" \/><\/span>\n\t<\/p>\n<\/div>\n<div class=\"form-row\">\n\t<p><span class=\"wpcf7-form-control-wrap\" data-name=\"phone\"><input size=\"40\" maxlength=\"400\" class=\"wpcf7-form-control wpcf7-tel wpcf7-text wpcf7-validates-as-tel\" aria-invalid=\"false\" placeholder=\"Num\u00e9ro de t\u00e9l\u00e9phone\" value=\"\" type=\"tel\" name=\"phone\" \/><\/span>\n\t<\/p>\n<\/div>\n<div class=\"form-row\">\n\t<p><span class=\"wpcf7-form-control-wrap\" data-name=\"upload\"><input size=\"40\" class=\"wpcf7-form-control wpcf7-file\" accept=\".pdf,.doc,.jpeg,.jpg,.png\" aria-invalid=\"false\" type=\"file\" name=\"upload\" \/><\/span>\n\t<\/p>\n<\/div>\n<div class=\"form-row\">\n\t<p><span class=\"wpcf7-form-control-wrap\" data-name=\"nachricht\"><textarea cols=\"40\" rows=\"10\" maxlength=\"2000\" class=\"wpcf7-form-control wpcf7-textarea wpcf7-validates-as-required\" aria-required=\"true\" aria-invalid=\"false\" placeholder=\"Votre message*\" name=\"nachricht\"><\/textarea><\/span>\n\t<\/p>\n<\/div>\n<div>\n\t<p><span class=\"wpcf7-form-control-wrap\" data-name=\"acceptance-737\"><span class=\"wpcf7-form-control wpcf7-acceptance\"><span class=\"wpcf7-list-item\"><label><input type=\"checkbox\" name=\"acceptance-737\" value=\"1\" aria-invalid=\"false\" \/><span class=\"wpcf7-list-item-label\">Vos donn\u00e9es seront utilis\u00e9es pour r\u00e9pondre \u00e0 votre demande. Vous pouvez vous opposer \u00e0 tout moment \u00e0 l&#039;utilisation de vos donn\u00e9es sans encourir d&#039;autres frais que les frais de transmission selon les tarifs de base de votre fournisseur Internet. Pour plus d&#039;informations, veuillez consulter le <a href=\"\/fr\/politique-de-confidentialite\/\">Politique de confidentialit\u00e9<\/a><\/span><\/label><\/span><\/span><\/span>\n\t<\/p>\n<\/div>\n<div class=\"form-row\">\n\t<p><button type=\"submit\" class=\"button wpcf7-submit\">Envoyer une demande<\/button>\n\t<\/p>\n<\/div><div class=\"wpcf7-response-output\" aria-hidden=\"true\"><\/div>\n<input type=\"hidden\" name=\"trp-form-language\" value=\"fr\"\/><\/form>\n<\/div>\n[\/et_pb_blurb][\/et_pb_column][\/et_pb_row][\/et_pb_section]<\/p>","protected":false},"excerpt":{"rendered":"<p>Immer h\u00e4ufiger erhalten Onlineh\u00e4ndler und Ersatzteilanbieter eine Abmahnung von Zierhut IP im Auftrag der KTM AG. Der Vorwurf: eine Verletzung der Markenrechte durch die unzul\u00e4ssige Nutzung des Begriffs \u201eKTM\u201c in Artikel\u00fcberschriften oder Produktbeschreibungen. Besonders betroffen sind Verk\u00e4ufer, die Zubeh\u00f6r oder Ersatzteile f\u00fcr Motorr\u00e4der anbieten, ohne Originalware zu vertreiben. In diesem Beitrag erfahren Sie, was hinter [&hellip;]<\/p>","protected":false},"author":7,"featured_media":3799,"comment_status":"closed","ping_status":"closed","sticky":false,"template":"","format":"standard","meta":{"_et_pb_use_builder":"on","_et_pb_old_content":"","_et_gb_content_width":"","inline_featured_image":false,"footnotes":""},"categories":[27],"tags":[],"class_list":["post-3794","post","type-post","status-publish","format-standard","has-post-thumbnail","hentry","category-markenrecht"],"aioseo_notices":[],"aioseo_head":"\n\t\t<!-- All in One SEO Pro 4.9.6.2 - aioseo.com -->\n\t<link rel=\"canonical\" href=\"https:\/\/www.renz-recht.de\/fr\/et_pb_layout\/headline-subline_modul\/\" \/>\n\t<meta name=\"generator\" content=\"All in One SEO Pro (AIOSEO) 4.9.6.2\" \/>\n\t\t<meta property=\"og:locale\" content=\"fr_FR\" \/>\n\t\t<meta property=\"og:site_name\" content=\"Renz Recht - Anwalt Markenrecht Urheberrecht Saarbr\u00fccken - Rechtsanw\u00e4ltin Anne-Kathrin Renz\" \/>\n\t\t<meta property=\"og:type\" content=\"article\" \/>\n\t\t<meta property=\"og:title\" content=\"H2 \u00dcberschrift (zentriert) mit Subtext - Renz Recht - Anwalt Markenrecht Urheberrecht Saarbr\u00fccken\" \/>\n\t\t<meta property=\"og:url\" content=\"https:\/\/www.renz-recht.de\/fr\/et_pb_layout\/headline-subline_modul\/\" \/>\n\t\t<meta property=\"article:published_time\" content=\"2019-02-05T07:35:11+00:00\" \/>\n\t\t<meta property=\"article:modified_time\" content=\"2024-04-03T14:27:11+00:00\" \/>\n\t\t<meta name=\"twitter:card\" content=\"summary_large_image\" \/>\n\t\t<meta name=\"twitter:title\" content=\"H2 \u00dcberschrift (zentriert) mit Subtext - Renz Recht - Anwalt Markenrecht Urheberrecht Saarbr\u00fccken\" \/>\n\t\t<script type=\"application\/ld+json\" class=\"aioseo-schema\">\n\t\t\t{\"@context\":\"https:\\\/\\\/schema.org\",\"@graph\":[{\"@type\":\"BreadcrumbList\",\"@id\":\"https:\\\/\\\/www.renz-recht.de\\\/fr\\\/et_pb_layout\\\/headline-subline_modul\\\/#breadcrumblist\",\"itemListElement\":[{\"@type\":\"ListItem\",\"@id\":\"https:\\\/\\\/www.renz-recht.de\\\/fr#listItem\",\"position\":1,\"name\":\"Home\",\"item\":\"https:\\\/\\\/www.renz-recht.de\\\/fr\",\"nextItem\":{\"@type\":\"ListItem\",\"@id\":\"https:\\\/\\\/www.renz-recht.de\\\/fr\\\/categorie\\\/droit-des-marques\\\/#listItem\",\"name\":\"Markenrecht\"}},{\"@type\":\"ListItem\",\"@id\":\"https:\\\/\\\/www.renz-recht.de\\\/fr\\\/categorie\\\/droit-des-marques\\\/#listItem\",\"position\":2,\"name\":\"Markenrecht\",\"item\":\"https:\\\/\\\/www.renz-recht.de\\\/fr\\\/categorie\\\/droit-des-marques\\\/\",\"nextItem\":{\"@type\":\"ListItem\",\"@id\":\"https:\\\/\\\/www.renz-recht.de\\\/fr\\\/droit-des-marques\\\/avertissement-relatif-a-la-marque-ktm-de-zierhut-ip-ce-que-vous-devez-savoir\\\/#listItem\",\"name\":\"KTM-Markenabmahnung durch Zierhut IP \\u2013 was Sie jetzt wissen sollten\"},\"previousItem\":{\"@type\":\"ListItem\",\"@id\":\"https:\\\/\\\/www.renz-recht.de\\\/fr#listItem\",\"name\":\"Home\"}},{\"@type\":\"ListItem\",\"@id\":\"https:\\\/\\\/www.renz-recht.de\\\/fr\\\/droit-des-marques\\\/avertissement-relatif-a-la-marque-ktm-de-zierhut-ip-ce-que-vous-devez-savoir\\\/#listItem\",\"position\":3,\"name\":\"KTM-Markenabmahnung durch Zierhut IP \\u2013 was Sie jetzt wissen sollten\",\"previousItem\":{\"@type\":\"ListItem\",\"@id\":\"https:\\\/\\\/www.renz-recht.de\\\/fr\\\/categorie\\\/droit-des-marques\\\/#listItem\",\"name\":\"Markenrecht\"}}]},{\"@type\":\"Organization\",\"@id\":\"https:\\\/\\\/www.renz-recht.de\\\/fr\\\/#organization\",\"name\":\"Rechtsanw\\u00e4ltin Anne-Kathrin Renz Saarbr\\u00fccken\",\"description\":\"Rechtsanw\\u00e4ltin Anne-Kathrin Renz\",\"url\":\"https:\\\/\\\/www.renz-recht.de\\\/fr\\\/\",\"telephone\":\"+4968195810588\",\"logo\":{\"@type\":\"ImageObject\",\"url\":\"https:\\\/\\\/www.renz-recht.de\\\/wp-content\\\/uploads\\\/2023\\\/11\\\/logo-renz-recht_sw.svg\",\"@id\":\"https:\\\/\\\/www.renz-recht.de\\\/fr\\\/et_pb_layout\\\/headline-subline_modul\\\/#organizationLogo\"},\"image\":{\"@id\":\"https:\\\/\\\/www.renz-recht.de\\\/fr\\\/et_pb_layout\\\/headline-subline_modul\\\/#organizationLogo\"}},{\"@type\":\"WebPage\",\"@id\":\"https:\\\/\\\/www.renz-recht.de\\\/fr\\\/et_pb_layout\\\/headline-subline_modul\\\/#webpage\",\"url\":\"https:\\\/\\\/www.renz-recht.de\\\/fr\\\/et_pb_layout\\\/headline-subline_modul\\\/\",\"name\":\"H2 \\u00dcberschrift (zentriert) mit Subtext - Renz Recht - Anwalt Markenrecht Urheberrecht Saarbr\\u00fccken\",\"inLanguage\":\"fr-FR\",\"isPartOf\":{\"@id\":\"https:\\\/\\\/www.renz-recht.de\\\/fr\\\/#website\"},\"breadcrumb\":{\"@id\":\"https:\\\/\\\/www.renz-recht.de\\\/fr\\\/et_pb_layout\\\/headline-subline_modul\\\/#breadcrumblist\"},\"datePublished\":\"2019-02-05T08:35:11+01:00\",\"dateModified\":\"2024-04-03T16:27:11+02:00\"},{\"@type\":\"WebSite\",\"@id\":\"https:\\\/\\\/www.renz-recht.de\\\/fr\\\/#website\",\"url\":\"https:\\\/\\\/www.renz-recht.de\\\/fr\\\/\",\"name\":\"Rechtsanw\\u00e4ltin Anne-Kathrin Renz Saarbr\\u00fccken\",\"alternateName\":\"Rechtsanw\\u00e4ltin Markenrecht Saarbr\\u00fccken\",\"description\":\"Rechtsanw\\u00e4ltin Anne-Kathrin Renz\",\"inLanguage\":\"fr-FR\",\"publisher\":{\"@id\":\"https:\\\/\\\/www.renz-recht.de\\\/fr\\\/#organization\"}}]}\n\t\t<\/script>\n\t\t<!-- All in One SEO Pro -->\r\n\t\t<title>H2 \u00dcberschrift (zentriert) mit Subtext - Renz Recht - Anwalt Markenrecht Urheberrecht Saarbr\u00fccken<\/title>\n\n","aioseo_head_json":{"title":"Titre H2 (centr\u00e9) avec sous-titre\u00a0: Renz Law - Avocat sp\u00e9cialis\u00e9 en droit des marques et du droit d&#039;auteur, Sarrebruck","description":"","canonical_url":"https:\/\/www.renz-recht.de\/fr\/et_pb_layout\/headline-subline_modul\/","robots":"","keywords":"","webmasterTools":{"miscellaneous":""},"schema":{"@context":"https:\/\/schema.org","@graph":[{"@type":"BreadcrumbList","@id":"https:\/\/www.renz-recht.de\/fr\/et_pb_layout\/headline-subline_modul\/#breadcrumblist","itemListElement":[{"@type":"ListItem","@id":"https:\/\/www.renz-recht.de\/fr#listItem","position":1,"name":"Home","item":"https:\/\/www.renz-recht.de\/fr","nextItem":{"@type":"ListItem","@id":"https:\/\/www.renz-recht.de\/fr\/categorie\/droit-des-marques\/#listItem","name":"Markenrecht"}},{"@type":"ListItem","@id":"https:\/\/www.renz-recht.de\/fr\/categorie\/droit-des-marques\/#listItem","position":2,"name":"Markenrecht","item":"https:\/\/www.renz-recht.de\/fr\/categorie\/droit-des-marques\/","nextItem":{"@type":"ListItem","@id":"https:\/\/www.renz-recht.de\/fr\/droit-des-marques\/avertissement-relatif-a-la-marque-ktm-de-zierhut-ip-ce-que-vous-devez-savoir\/#listItem","name":"KTM-Markenabmahnung durch Zierhut IP \u2013 was Sie jetzt wissen sollten"},"previousItem":{"@type":"ListItem","@id":"https:\/\/www.renz-recht.de\/fr#listItem","name":"Home"}},{"@type":"ListItem","@id":"https:\/\/www.renz-recht.de\/fr\/droit-des-marques\/avertissement-relatif-a-la-marque-ktm-de-zierhut-ip-ce-que-vous-devez-savoir\/#listItem","position":3,"name":"KTM-Markenabmahnung durch Zierhut IP \u2013 was Sie jetzt wissen sollten","previousItem":{"@type":"ListItem","@id":"https:\/\/www.renz-recht.de\/fr\/categorie\/droit-des-marques\/#listItem","name":"Markenrecht"}}]},{"@type":"Organization","@id":"https:\/\/www.renz-recht.de\/fr\/#organization","name":"Rechtsanw\u00e4ltin Anne-Kathrin Renz Saarbr\u00fccken","description":"Rechtsanw\u00e4ltin Anne-Kathrin Renz","url":"https:\/\/www.renz-recht.de\/fr\/","telephone":"+4968195810588","logo":{"@type":"ImageObject","url":"https:\/\/www.renz-recht.de\/wp-content\/uploads\/2023\/11\/logo-renz-recht_sw.svg","@id":"https:\/\/www.renz-recht.de\/fr\/et_pb_layout\/headline-subline_modul\/#organizationLogo"},"image":{"@id":"https:\/\/www.renz-recht.de\/fr\/et_pb_layout\/headline-subline_modul\/#organizationLogo"}},{"@type":"WebPage","@id":"https:\/\/www.renz-recht.de\/fr\/et_pb_layout\/headline-subline_modul\/#webpage","url":"https:\/\/www.renz-recht.de\/fr\/et_pb_layout\/headline-subline_modul\/","name":"H2 \u00dcberschrift (zentriert) mit Subtext - Renz Recht - Anwalt Markenrecht Urheberrecht Saarbr\u00fccken","inLanguage":"fr-FR","isPartOf":{"@id":"https:\/\/www.renz-recht.de\/fr\/#website"},"breadcrumb":{"@id":"https:\/\/www.renz-recht.de\/fr\/et_pb_layout\/headline-subline_modul\/#breadcrumblist"},"datePublished":"2019-02-05T08:35:11+01:00","dateModified":"2024-04-03T16:27:11+02:00"},{"@type":"WebSite","@id":"https:\/\/www.renz-recht.de\/fr\/#website","url":"https:\/\/www.renz-recht.de\/fr\/","name":"Rechtsanw\u00e4ltin Anne-Kathrin Renz Saarbr\u00fccken","alternateName":"Rechtsanw\u00e4ltin Markenrecht Saarbr\u00fccken","description":"Rechtsanw\u00e4ltin Anne-Kathrin Renz","inLanguage":"fr-FR","publisher":{"@id":"https:\/\/www.renz-recht.de\/fr\/#organization"}}]},"og:locale":"fr_FR","og:site_name":"Renz Recht - Anwalt Markenrecht Urheberrecht Saarbr\u00fccken - Rechtsanw\u00e4ltin Anne-Kathrin Renz","og:type":"article","og:title":"H2 \u00dcberschrift (zentriert) mit Subtext - Renz Recht - Anwalt Markenrecht Urheberrecht Saarbr\u00fccken","og:url":"https:\/\/www.renz-recht.de\/fr\/et_pb_layout\/headline-subline_modul\/","article:published_time":"2019-02-05T07:35:11+00:00","article:modified_time":"2024-04-03T14:27:11+00:00","twitter:card":"summary_large_image","twitter:title":"H2 \u00dcberschrift (zentriert) mit Subtext - Renz Recht - Anwalt Markenrecht Urheberrecht Saarbr\u00fccken"},"aioseo_meta_data":{"post_id":"3794","title":"#post_title #separator_sa #site_title","description":"KTM AG, par l&#039;interm\u00e9diaire de son agence Zierhut IP, envoie r\u00e9guli\u00e8rement des mises en demeure pour utilisation non autoris\u00e9e de la marque \u201e\u00a0KTM\u00a0\u201c. Les personnes concern\u00e9es sont invit\u00e9es \u00e0 agir rapidement mais calmement et \u00e0 consulter un avocat. Pour en savoir plus, cliquez ici\u00a0!","keywords":null,"keyphrases":{"focus":{"keyphrase":"KTM-Markenabmahnung","score":54,"analysis":{"keyphraseInTitle":{"score":9,"maxScore":9,"error":0},"keyphraseInDescription":{"score":3,"maxScore":9,"error":1},"keyphraseLength":{"score":9,"maxScore":9,"error":0,"length":1},"keyphraseInURL":{"score":5,"maxScore":5,"error":0},"keyphraseInIntroduction":{"score":3,"maxScore":9,"error":1},"keyphraseInSubHeadings":{"score":3,"maxScore":9,"error":1},"keyphraseInImageAlt":[],"keywordDensity":{"score":0,"type":"low","maxScore":9,"error":1}}},"additional":[]},"primary_term":null,"canonical_url":null,"og_title":null,"og_description":null,"og_object_type":"default","og_image_type":"default","og_image_url":null,"og_image_width":null,"og_image_height":null,"og_image_custom_url":null,"og_image_custom_fields":null,"og_video":"","og_custom_url":null,"og_article_section":null,"og_article_tags":null,"twitter_use_og":false,"twitter_card":"default","twitter_image_type":"default","twitter_image_url":null,"twitter_image_custom_url":null,"twitter_image_custom_fields":null,"twitter_title":null,"twitter_description":null,"schema":{"blockGraphs":[],"customGraphs":[],"default":{"data":{"Article":[],"Course":[],"Dataset":[],"FAQPage":[],"Movie":[],"Person":[],"Product":[],"ProductReview":[],"Car":[],"Recipe":[],"Service":[],"SoftwareApplication":[],"WebPage":[]},"graphName":"BlogPosting","isEnabled":true},"graphs":[]},"schema_type":"default","schema_type_options":null,"pillar_content":false,"robots_default":true,"robots_noindex":false,"robots_noarchive":false,"robots_nosnippet":false,"robots_nofollow":false,"robots_noimageindex":false,"robots_noodp":false,"robots_notranslate":false,"robots_max_snippet":"-1","robots_max_videopreview":"-1","robots_max_imagepreview":"large","priority":null,"frequency":"default","local_seo":null,"seo_analyzer_scan_date":"2025-11-13 08:26:22","breadcrumb_settings":null,"limit_modified_date":false,"open_ai":"{\"title\":{\"suggestions\":[],\"usage\":0},\"description\":{\"suggestions\":[],\"usage\":0}}","ai":{"faqs":[],"keyPoints":[],"titles":[],"descriptions":[],"socialPosts":{"email":[],"linkedin":[],"twitter":[],"facebook":[],"instagram":[]}},"created":"2025-11-13 07:43:39","updated":"2025-11-13 08:38:15"},"aioseo_breadcrumb":"<div class=\"aioseo-breadcrumbs\"><span class=\"aioseo-breadcrumb\">\n\t<a href=\"https:\/\/www.renz-recht.de\/fr\" title=\"Home\">Home<\/a>\n<\/span><span class=\"aioseo-breadcrumb-separator\">&raquo;<\/span><span class=\"aioseo-breadcrumb\">\n\t<a href=\"https:\/\/www.renz-recht.de\/fr\/categorie\/droit-des-marques\/\" title=\"Markenrecht\">Markenrecht<\/a>\n<\/span><span class=\"aioseo-breadcrumb-separator\">&raquo;<\/span><span class=\"aioseo-breadcrumb\">\n\tKTM-Markenabmahnung durch Zierhut IP \u2013 was Sie jetzt wissen sollten\n<\/span><\/div>","aioseo_breadcrumb_json":[{"label":"Home","link":"https:\/\/www.renz-recht.de\/fr"},{"label":"Markenrecht","link":"https:\/\/www.renz-recht.de\/fr\/categorie\/droit-des-marques\/"},{"label":"KTM-Markenabmahnung durch Zierhut IP \u2013 was Sie jetzt wissen sollten","link":"https:\/\/www.renz-recht.de\/fr\/droit-des-marques\/avertissement-relatif-a-la-marque-ktm-de-zierhut-ip-ce-que-vous-devez-savoir\/"}],"_links":{"self":[{"href":"https:\/\/www.renz-recht.de\/fr\/wp-json\/wp\/v2\/posts\/3794","targetHints":{"allow":["GET"]}}],"collection":[{"href":"https:\/\/www.renz-recht.de\/fr\/wp-json\/wp\/v2\/posts"}],"about":[{"href":"https:\/\/www.renz-recht.de\/fr\/wp-json\/wp\/v2\/types\/post"}],"author":[{"embeddable":true,"href":"https:\/\/www.renz-recht.de\/fr\/wp-json\/wp\/v2\/users\/7"}],"replies":[{"embeddable":true,"href":"https:\/\/www.renz-recht.de\/fr\/wp-json\/wp\/v2\/comments?post=3794"}],"version-history":[{"count":3,"href":"https:\/\/www.renz-recht.de\/fr\/wp-json\/wp\/v2\/posts\/3794\/revisions"}],"predecessor-version":[{"id":3800,"href":"https:\/\/www.renz-recht.de\/fr\/wp-json\/wp\/v2\/posts\/3794\/revisions\/3800"}],"wp:featuredmedia":[{"embeddable":true,"href":"https:\/\/www.renz-recht.de\/fr\/wp-json\/wp\/v2\/media\/3799"}],"wp:attachment":[{"href":"https:\/\/www.renz-recht.de\/fr\/wp-json\/wp\/v2\/media?parent=3794"}],"wp:term":[{"taxonomy":"category","embeddable":true,"href":"https:\/\/www.renz-recht.de\/fr\/wp-json\/wp\/v2\/categories?post=3794"},{"taxonomy":"post_tag","embeddable":true,"href":"https:\/\/www.renz-recht.de\/fr\/wp-json\/wp\/v2\/tags?post=3794"}],"curies":[{"name":"wp","href":"https:\/\/api.w.org\/{rel}","templated":true}]}}