{"id":3615,"date":"2025-07-23T14:09:45","date_gmt":"2025-07-23T12:09:45","guid":{"rendered":"https:\/\/www.renz-recht.de\/?p=3615"},"modified":"2025-07-23T14:09:53","modified_gmt":"2025-07-23T12:09:53","slug":"enregistrer-une-marque-de-lunion-europeenne","status":"publish","type":"post","link":"https:\/\/www.renz-recht.de\/fr\/droit-des-marques\/enregistrer-une-marque-de-lunion-europeenne\/","title":{"rendered":"Enregistrer une marque de l&#039;Union europ\u00e9enne \u2013 Protection compl\u00e8te des marques dans toute l&#039;UE"},"content":{"rendered":"<p>[et_pb_section fb_built=&#8220;1&#8243; fullwidth=&#8220;on&#8220; _builder_version=&#8220;4.25.2&#8243; collapsed=&#8220;off&#8220; global_colors_info=&#8220;{}&#8220;][et_pb_fullwidth_post_title author=&#8220;off&#8220; date_format=&#8220;j. F Y&#8220; featured_placement=&#8220;background&#8220; text_color=&#8220;light&#8220; admin_label=&#8220;Beitragsheader&#8220; module_class=&#8220;renz-subpage-header&#8220; _builder_version=&#8220;4.22.1&#8243; title_font_size=&#8220;60&#8243; title_line_height=&#8220;1.2em&#8220; meta_font_size=&#8220;18&#8243; title_font_size_tablet=&#8220;&#8220; title_font_size_phone=&#8220;27&#8243; title_font_size_last_edited=&#8220;on|phone&#8220; meta_font_size_tablet=&#8220;&#8220; meta_font_size_phone=&#8220;14&#8243; meta_font_size_last_edited=&#8220;on|phone&#8220; custom_css_after=&#8220;content:%22%22;||position:absolute;||top:0; right:0; bottom: 0; left:0;||background:rgba(0,0,0,0.7);||&#8220; global_colors_info=&#8220;{}&#8220;][\/et_pb_fullwidth_post_title][\/et_pb_section][et_pb_section fb_built=&#8220;1&#8243; custom_padding_last_edited=&#8220;on|phone&#8220; admin_label=&#8220;Breadcrumb&#8220; _builder_version=&#8220;4.22.1&#8243; background_color=&#8220;#eeeeee&#8220; min_height=&#8220;112.2px&#8220; custom_padding=&#8220;16px||16px|&#8220; custom_padding_tablet=&#8220;&#8220; custom_padding_phone=&#8220;&#8220; global_module=&#8220;161&#8243; collapsed=&#8220;off&#8220; global_colors_info=&#8220;{}&#8220;][et_pb_row admin_label=&#8220;Zeile&#8220; _builder_version=&#8220;4.16&#8243; collapsed=&#8220;off&#8220; global_colors_info=&#8220;{}&#8220;][et_pb_column type=&#8220;4_4&#8243; _builder_version=&#8220;4.16&#8243; custom_padding=&#8220;|||&#8220; global_colors_info=&#8220;{}&#8220; custom_padding__hover=&#8220;|||&#8220;][\/et_pb_column][\/et_pb_row][\/et_pb_section][et_pb_section fb_built=&#8220;1&#8243; custom_padding_last_edited=&#8220;on|phone&#8220; _builder_version=&#8220;4.25.2&#8243; custom_padding=&#8220;90px||0px|&#8220; custom_padding_tablet=&#8220;9%||0px|&#8220; custom_padding_phone=&#8220;&#8220; collapsed=&#8220;off&#8220; global_colors_info=&#8220;{}&#8220;][et_pb_row column_structure=&#8220;2_3,1_3&#8243; admin_label=&#8220;Zeile&#8220; _builder_version=&#8220;4.22.1&#8243; background_size=&#8220;initial&#8220; background_position=&#8220;top_left&#8220; background_repeat=&#8220;repeat&#8220; custom_padding=&#8220;122px|||1px||&#8220; global_colors_info=&#8220;{}&#8220;][et_pb_column type=&#8220;2_3&#8243; _builder_version=&#8220;4.22.1&#8243; custom_padding=&#8220;|||&#8220; global_colors_info=&#8220;{}&#8220; custom_padding__hover=&#8220;|||&#8220;][et_pb_blurb content_max_width=&#8220;100%&#8220; admin_label=&#8220;1. Abmahnung durch Contur&#8220; _builder_version=&#8220;4.27.4&#8243; header_level=&#8220;h2&#8243; header_font_size=&#8220;36&#8243; header_line_height=&#8220;1.3em&#8220; body_font_size=&#8220;16&#8243; body_line_height=&#8220;1.2em&#8220; custom_margin=&#8220;||23px|||&#8220; custom_margin_tablet=&#8220;||6%|&#8220; custom_margin_phone=&#8220;&#8220; custom_margin_last_edited=&#8220;on|phone&#8220; custom_padding=&#8220;||0px||false|false&#8220; header_font_size_tablet=&#8220;&#8220; header_font_size_phone=&#8220;27&#8243; header_font_size_last_edited=&#8220;on|phone&#8220; z_index_tablet=&#8220;500&#8243; custom_css_blurb_title=&#8220;margin-bottom: 9px;&#8220; custom_css_blurb_content=&#8220;margin-bottom: 27px;&#8220; header_text_shadow_horizontal_length_tablet=&#8220;0px&#8220; header_text_shadow_vertical_length_tablet=&#8220;0px&#8220; header_text_shadow_blur_strength_tablet=&#8220;1px&#8220; body_text_shadow_horizontal_length_tablet=&#8220;0px&#8220; body_text_shadow_vertical_length_tablet=&#8220;0px&#8220; body_text_shadow_blur_strength_tablet=&#8220;1px&#8220; body_link_text_shadow_horizontal_length_tablet=&#8220;0px&#8220; body_link_text_shadow_vertical_length_tablet=&#8220;0px&#8220; body_link_text_shadow_blur_strength_tablet=&#8220;1px&#8220; body_ul_text_shadow_horizontal_length_tablet=&#8220;0px&#8220; body_ul_text_shadow_vertical_length_tablet=&#8220;0px&#8220; body_ul_text_shadow_blur_strength_tablet=&#8220;1px&#8220; body_ol_text_shadow_horizontal_length_tablet=&#8220;0px&#8220; body_ol_text_shadow_vertical_length_tablet=&#8220;0px&#8220; body_ol_text_shadow_blur_strength_tablet=&#8220;1px&#8220; body_quote_text_shadow_horizontal_length_tablet=&#8220;0px&#8220; body_quote_text_shadow_vertical_length_tablet=&#8220;0px&#8220; body_quote_text_shadow_blur_strength_tablet=&#8220;1px&#8220; box_shadow_horizontal_tablet=&#8220;0px&#8220; box_shadow_vertical_tablet=&#8220;0px&#8220; box_shadow_blur_tablet=&#8220;40px&#8220; box_shadow_spread_tablet=&#8220;0px&#8220; box_shadow_horizontal_image_tablet=&#8220;0px&#8220; box_shadow_vertical_image_tablet=&#8220;0px&#8220; box_shadow_blur_image_tablet=&#8220;40px&#8220; box_shadow_spread_image_tablet=&#8220;0px&#8220; text_shadow_horizontal_length_tablet=&#8220;0px&#8220; text_shadow_vertical_length_tablet=&#8220;0px&#8220; text_shadow_blur_strength_tablet=&#8220;1px&#8220; global_module=&#8220;202&#8243; saved_tabs=&#8220;all&#8220; global_colors_info=&#8220;{}&#8220;]<\/p>\n<h2>Enregistrer une marque de l&#039;Union europ\u00e9enne \u2013 Protection efficace des marques dans toute l&#039;UE<\/h2>\n<article class=\"text-token-text-primary w-full\" dir=\"auto\" data-testid=\"conversation-turn-4\" data-scroll-anchor=\"true\">\n<div class=\"text-base my-auto mx-auto py-5 [--thread-content-margin:--spacing(4)] @[37rem]:[--thread-content-margin:--spacing(6)] @[72rem]:[--thread-content-margin:--spacing(16)] px-(--thread-content-margin)\">\n<div class=\"[--thread-content-max-width:32rem] @[34rem]:[--thread-content-max-width:40rem] @[64rem]:[--thread-content-max-width:48rem] mx-auto flex max-w-(--thread-content-max-width) flex-1 text-base gap-4 md:gap-5 lg:gap-6 group\/turn-messages focus-visible:outline-hidden\" tabindex=\"-1\">\n<div class=\"group\/conversation-turn relative flex w-full min-w-0 flex-col agent-turn\">\n<div class=\"relative flex-col gap-1 md:gap-3\">\n<div class=\"flex max-w-full flex-col grow\">\n<div data-message-author-role=\"assistant\" data-message-id=\"1f592e0c-e069-48f1-9a01-39e3906bc654\" dir=\"auto\" class=\"min-h-8 text-message relative flex w-full flex-col items-end gap-2 text-start break-words whitespace-normal [.text-message+&amp;]:mt-5\" data-message-model-slug=\"gpt-4o-mini\">\n<div class=\"flex w-full flex-col gap-1 empty:hidden first:pt-[3px]\">\n<div class=\"markdown prose dark:prose-invert w-full break-words light\">\n<p data-start=\"67\" data-end=\"451\">Une marque de l&#039;Union europ\u00e9enne vous offre une protection compl\u00e8te dans les 27 \u00c9tats membres de l&#039;Union europ\u00e9enne, le tout avec une seule demande. Cela permet de gagner du temps et de r\u00e9duire consid\u00e9rablement les formalit\u00e9s administratives, ce qui est particuli\u00e8rement avantageux pour les entreprises exer\u00e7ant des activit\u00e9s dans plusieurs pays de l&#039;UE. La demande est d\u00e9pos\u00e9e aupr\u00e8s de l&#039;Office de l&#039;Union europ\u00e9enne pour la propri\u00e9t\u00e9 intellectuelle (EUIPO).<\/p>\n<p data-start=\"453\" data-end=\"951\">Tout comme une marque nationale, une marque de l&#039;Union europ\u00e9enne est enregistr\u00e9e pour des produits et services sp\u00e9cifiques. Les demandes inexactes ou incompl\u00e8tes, notamment concernant la classification des produits et services, peuvent donner lieu \u00e0 des objections de la part de l&#039;EUIPO. Dans ce cas, la demande peut ne pas \u00eatre consid\u00e9r\u00e9e comme d\u00e9pos\u00e9e avant une date ult\u00e9rieure, voire \u00eatre rejet\u00e9e d&#039;embl\u00e9e. De plus, les frais de d\u00e9p\u00f4t ne sont pas remboursables en cas de rejet.<\/p>\n<p data-start=\"953\" data-end=\"1218\" data-is-last-node=\"\" data-is-only-node=\"\">En tant que conseil en marques, je vous assiste dans l&#039;enregistrement de votre marque de l&#039;Union europ\u00e9enne et veille \u00e0 ce qu&#039;elle soit prot\u00e9g\u00e9e de mani\u00e8re optimale dans les 27 \u00c9tats membres de l&#039;UE. Gr\u00e2ce \u00e0 mon expertise, je m&#039;assure que toutes les exigences sont respect\u00e9es sans faille.<\/p>\n<\/div>\n<\/div>\n<\/div>\n<\/div>\n<\/div>\n<\/div>\n<\/div>\n<\/div>\n<\/article>\n<p>[\/et_pb_blurb][et_pb_blurb title=&#8220;Wie funktioniert die Anmeldung einer Unionsmarke? \u2013 Ein \u00dcberblick&#8220; content_max_width=&#8220;100%&#8220; admin_label=&#8220;1. Abmahnung durch Contur&#8220; _builder_version=&#8220;4.27.4&#8243; header_level=&#8220;h2&#8243; header_font_size=&#8220;36&#8243; header_line_height=&#8220;1.3em&#8220; body_font_size=&#8220;16&#8243; body_line_height=&#8220;1.2em&#8220; custom_margin=&#8220;||23px|||&#8220; custom_margin_tablet=&#8220;||6%|&#8220; custom_margin_phone=&#8220;&#8220; custom_margin_last_edited=&#8220;on|phone&#8220; custom_padding=&#8220;||0px||false|false&#8220; header_font_size_tablet=&#8220;&#8220; header_font_size_phone=&#8220;27&#8243; header_font_size_last_edited=&#8220;on|phone&#8220; z_index_tablet=&#8220;500&#8243; custom_css_blurb_title=&#8220;margin-bottom: 9px;&#8220; custom_css_blurb_content=&#8220;margin-bottom: 27px;&#8220; header_text_shadow_horizontal_length_tablet=&#8220;0px&#8220; header_text_shadow_vertical_length_tablet=&#8220;0px&#8220; header_text_shadow_blur_strength_tablet=&#8220;1px&#8220; body_text_shadow_horizontal_length_tablet=&#8220;0px&#8220; body_text_shadow_vertical_length_tablet=&#8220;0px&#8220; body_text_shadow_blur_strength_tablet=&#8220;1px&#8220; body_link_text_shadow_horizontal_length_tablet=&#8220;0px&#8220; body_link_text_shadow_vertical_length_tablet=&#8220;0px&#8220; body_link_text_shadow_blur_strength_tablet=&#8220;1px&#8220; body_ul_text_shadow_horizontal_length_tablet=&#8220;0px&#8220; body_ul_text_shadow_vertical_length_tablet=&#8220;0px&#8220; body_ul_text_shadow_blur_strength_tablet=&#8220;1px&#8220; body_ol_text_shadow_horizontal_length_tablet=&#8220;0px&#8220; body_ol_text_shadow_vertical_length_tablet=&#8220;0px&#8220; body_ol_text_shadow_blur_strength_tablet=&#8220;1px&#8220; body_quote_text_shadow_horizontal_length_tablet=&#8220;0px&#8220; body_quote_text_shadow_vertical_length_tablet=&#8220;0px&#8220; body_quote_text_shadow_blur_strength_tablet=&#8220;1px&#8220; box_shadow_horizontal_tablet=&#8220;0px&#8220; box_shadow_vertical_tablet=&#8220;0px&#8220; box_shadow_blur_tablet=&#8220;40px&#8220; box_shadow_spread_tablet=&#8220;0px&#8220; box_shadow_horizontal_image_tablet=&#8220;0px&#8220; box_shadow_vertical_image_tablet=&#8220;0px&#8220; box_shadow_blur_image_tablet=&#8220;40px&#8220; box_shadow_spread_image_tablet=&#8220;0px&#8220; text_shadow_horizontal_length_tablet=&#8220;0px&#8220; text_shadow_vertical_length_tablet=&#8220;0px&#8220; text_shadow_blur_strength_tablet=&#8220;1px&#8220; global_module=&#8220;202&#8243; saved_tabs=&#8220;all&#8220; global_colors_info=&#8220;{}&#8220;]<\/p>\n<p data-start=\"67\" data-end=\"225\">Une demande d&#039;enregistrement de marque de l&#039;Union europ\u00e9enne est d\u00e9pos\u00e9e aupr\u00e8s de l&#039;Office europ\u00e9en des marques (EUIPO). Voici les \u00e9tapes \u00e0 suivre pour une demande r\u00e9ussie\u00a0:<\/p>\n<ul data-start=\"227\" data-end=\"1541\">\n<li data-start=\"227\" data-end=\"560\">\n<p data-start=\"229\" data-end=\"560\"><strong data-start=\"229\" data-end=\"248\">recherche de marque<\/strong><br data-start=\"248\" data-end=\"251\" \/>Avant de d\u00e9poser une demande de marque europ\u00e9enne, il est essentiel de s&#039;assurer qu&#039;aucune marque identique ou similaire n&#039;est d\u00e9j\u00e0 enregistr\u00e9e au registre europ\u00e9en des marques. Une recherche approfondie de marques vous permettra d&#039;\u00e9viter d&#039;\u00e9ventuels conflits et d&#039;augmenter vos chances de succ\u00e8s.<\/p>\n<\/li>\n<li data-start=\"562\" data-end=\"823\">\n<p data-start=\"564\" data-end=\"823\"><strong data-start=\"564\" data-end=\"588\">Soumettre l&#039;inscription<\/strong><br data-start=\"588\" data-end=\"591\" \/>Vous pouvez facilement enregistrer votre marque europ\u00e9enne en ligne via la plateforme de l&#039;EUIPO. Le processus de d\u00e9p\u00f4t \u00e9lectronique est simple et efficace, et l&#039;EUIPO propose une interface conviviale pour un d\u00e9p\u00f4t simplifi\u00e9.<\/p>\n<\/li>\n<li data-start=\"825\" data-end=\"1047\">\n<p data-start=\"827\" data-end=\"1047\"><strong data-start=\"827\" data-end=\"854\">Examen par l&#039;EUIPO<\/strong><br data-start=\"854\" data-end=\"857\" \/>Apr\u00e8s le d\u00e9p\u00f4t, l&#039;Office europ\u00e9en des marques v\u00e9rifiera si votre marque r\u00e9pond aux exigences l\u00e9gales, telles que le caract\u00e8re distinctif et le respect des exigences formelles.<\/p>\n<\/li>\n<li data-start=\"1049\" data-end=\"1336\">\n<p data-start=\"1051\" data-end=\"1336\"><strong data-start=\"1051\" data-end=\"1071\">publication<\/strong><br data-start=\"1071\" data-end=\"1074\" \/>Apr\u00e8s un examen concluant, votre marque sera publi\u00e9e au Registre europ\u00e9en des marques. Cette publication permet aux tiers de former opposition s&#039;ils estiment que leurs droits ant\u00e9rieurs sont viol\u00e9s.<\/p>\n<\/li>\n<li data-start=\"1338\" data-end=\"1541\">\n<p data-start=\"1340\" data-end=\"1541\"><strong data-start=\"1340\" data-end=\"1354\">inscription<\/strong><br data-start=\"1354\" data-end=\"1357\" \/>Si aucune objection n&#039;est soulev\u00e9e dans le d\u00e9lai d&#039;opposition, votre marque sera enregistr\u00e9e et vous b\u00e9n\u00e9ficierez d&#039;une protection l\u00e9gale de marque dans toute l&#039;Union europ\u00e9enne.<\/p>\n<\/li>\n<\/ul>\n<p data-start=\"1543\" data-end=\"1847\" data-is-last-node=\"\" data-is-only-node=\"\"><strong data-start=\"1543\" data-end=\"1552\">Conclusion<\/strong><br data-start=\"1552\" data-end=\"1555\" \/>L&#039;enregistrement d&#039;une marque de l&#039;Union europ\u00e9enne peut s&#039;av\u00e9rer complexe. Avec mon soutien en tant que conseil en marques, je veillerai \u00e0 ce que votre marque soit enregistr\u00e9e de mani\u00e8re professionnelle et efficace. Je vous accompagnerai tout au long du processus et vous aiderai \u00e0 \u00e9viter les pi\u00e8ges potentiels.<\/p>\n<p>[\/et_pb_blurb][et_pb_blurb title=&#8220;Umfassendes Waren- und Dienstleistungsverzeichnis f\u00fcr Ihre Markenanmeldung \u2013 Was Sie beachten sollten&#8220; content_max_width=&#8220;100%&#8220; admin_label=&#8220;1. Abmahnung durch Contur&#8220; _builder_version=&#8220;4.27.4&#8243; header_level=&#8220;h2&#8243; header_font_size=&#8220;36&#8243; header_line_height=&#8220;1.3em&#8220; body_font_size=&#8220;16&#8243; body_line_height=&#8220;1.2em&#8220; custom_margin=&#8220;||23px|||&#8220; custom_margin_tablet=&#8220;||6%|&#8220; custom_margin_phone=&#8220;&#8220; custom_margin_last_edited=&#8220;on|phone&#8220; custom_padding=&#8220;||0px||false|false&#8220; header_font_size_tablet=&#8220;&#8220; header_font_size_phone=&#8220;27&#8243; header_font_size_last_edited=&#8220;on|phone&#8220; z_index_tablet=&#8220;500&#8243; custom_css_blurb_title=&#8220;margin-bottom: 9px;&#8220; custom_css_blurb_content=&#8220;margin-bottom: 27px;&#8220; header_text_shadow_horizontal_length_tablet=&#8220;0px&#8220; header_text_shadow_vertical_length_tablet=&#8220;0px&#8220; header_text_shadow_blur_strength_tablet=&#8220;1px&#8220; body_text_shadow_horizontal_length_tablet=&#8220;0px&#8220; body_text_shadow_vertical_length_tablet=&#8220;0px&#8220; body_text_shadow_blur_strength_tablet=&#8220;1px&#8220; body_link_text_shadow_horizontal_length_tablet=&#8220;0px&#8220; body_link_text_shadow_vertical_length_tablet=&#8220;0px&#8220; body_link_text_shadow_blur_strength_tablet=&#8220;1px&#8220; body_ul_text_shadow_horizontal_length_tablet=&#8220;0px&#8220; body_ul_text_shadow_vertical_length_tablet=&#8220;0px&#8220; body_ul_text_shadow_blur_strength_tablet=&#8220;1px&#8220; body_ol_text_shadow_horizontal_length_tablet=&#8220;0px&#8220; body_ol_text_shadow_vertical_length_tablet=&#8220;0px&#8220; body_ol_text_shadow_blur_strength_tablet=&#8220;1px&#8220; body_quote_text_shadow_horizontal_length_tablet=&#8220;0px&#8220; body_quote_text_shadow_vertical_length_tablet=&#8220;0px&#8220; body_quote_text_shadow_blur_strength_tablet=&#8220;1px&#8220; box_shadow_horizontal_tablet=&#8220;0px&#8220; box_shadow_vertical_tablet=&#8220;0px&#8220; box_shadow_blur_tablet=&#8220;40px&#8220; box_shadow_spread_tablet=&#8220;0px&#8220; box_shadow_horizontal_image_tablet=&#8220;0px&#8220; box_shadow_vertical_image_tablet=&#8220;0px&#8220; box_shadow_blur_image_tablet=&#8220;40px&#8220; box_shadow_spread_image_tablet=&#8220;0px&#8220; text_shadow_horizontal_length_tablet=&#8220;0px&#8220; text_shadow_vertical_length_tablet=&#8220;0px&#8220; text_shadow_blur_strength_tablet=&#8220;1px&#8220; global_module=&#8220;202&#8243; saved_tabs=&#8220;all&#8220; global_colors_info=&#8220;{}&#8220;]<\/p>\n<p data-start=\"103\" data-end=\"445\">Cr\u00e9er une liste de produits et services pour l&#039;enregistrement d&#039;une marque est souvent complexe, tant pour les profanes que pour les avocats non sp\u00e9cialis\u00e9s en droit des marques. Il est particuli\u00e8rement important de trouver le juste \u00e9quilibre afin d&#039;\u00e9viter de futurs probl\u00e8mes.<\/p>\n<p data-start=\"447\" data-end=\"1020\"><strong data-start=\"447\" data-end=\"489\">La repr\u00e9sentation correcte de votre activit\u00e9<\/strong><br data-start=\"489\" data-end=\"492\" \/>La liste doit non seulement refl\u00e9ter fid\u00e8lement les activit\u00e9s actuelles du demandeur, mais aussi prendre en compte ses activit\u00e9s futures potentielles. Le demandeur de marque dispose d&#039;un d\u00e9lai de gr\u00e2ce de cinq ans apr\u00e8s le d\u00e9p\u00f4t de la demande, pendant lequel il n&#039;est pas tenu d&#039;utiliser sa marque. Cependant, les demandes de marque ne peuvent \u00eatre ni modifi\u00e9es ni compl\u00e9t\u00e9es apr\u00e8s le d\u00e9p\u00f4t. Si une classe ou un produit important est omis, une nouvelle demande de marque doit \u00eatre d\u00e9pos\u00e9e, faute de quoi la protection de la marque ne sera pas garantie dans ce domaine.<\/p>\n<p data-start=\"1022\" data-end=\"1480\"><strong data-start=\"1022\" data-end=\"1062\">Les risques d&#039;une s\u00e9lection trop large<\/strong><br data-start=\"1062\" data-end=\"1065\" \/>Il est important d&#039;\u00eatre prudent lors de la s\u00e9lection des produits et services dans la liste. Inclure trop de classes augmente le risque que des tiers disposant de droits ant\u00e9rieurs d\u00e9posent une opposition \u00e0 la demande de marque. Il est \u00e9galement important de noter qu&#039;apr\u00e8s le d\u00e9lai de gr\u00e2ce de cinq ans, des tiers peuvent d\u00e9poser une demande d&#039;annulation si la marque n&#039;a pas \u00e9t\u00e9 utilis\u00e9e du tout ou partiellement.<\/p>\n<p data-start=\"1482\" data-end=\"1908\"><strong data-start=\"1482\" data-end=\"1530\">Notre accompagnement pour l&#039;enregistrement de marques<\/strong><br data-start=\"1530\" data-end=\"1533\" \/>En tant que conseil en marques, mon assistance vous aidera \u00e0 \u00e9tablir une liste compl\u00e8te et pr\u00e9cise de produits et services, prot\u00e9geant vos droits \u00e0 long terme et minimisant les risques potentiels. Je veillerai \u00e0 ce que votre demande couvre tous les produits et services concern\u00e9s, tout en respectant les exigences l\u00e9gales.<\/p>\n<p>[\/et_pb_blurb][et_pb_blurb title=&#8220;Markenrecherche vor der Anmeldung einer Unionsmarke \u2013 Ein unverzichtbarer Schritt&#8220; content_max_width=&#8220;100%&#8220; admin_label=&#8220;1. Abmahnung durch Contur&#8220; _builder_version=&#8220;4.27.4&#8243; header_level=&#8220;h2&#8243; header_font_size=&#8220;36&#8243; header_line_height=&#8220;1.3em&#8220; body_font_size=&#8220;16&#8243; body_line_height=&#8220;1.2em&#8220; custom_margin=&#8220;||23px|||&#8220; custom_margin_tablet=&#8220;||6%|&#8220; custom_margin_phone=&#8220;&#8220; custom_margin_last_edited=&#8220;on|phone&#8220; custom_padding=&#8220;||0px||false|false&#8220; header_font_size_tablet=&#8220;&#8220; header_font_size_phone=&#8220;27&#8243; header_font_size_last_edited=&#8220;on|phone&#8220; z_index_tablet=&#8220;500&#8243; custom_css_blurb_title=&#8220;margin-bottom: 9px;&#8220; custom_css_blurb_content=&#8220;margin-bottom: 27px;&#8220; header_text_shadow_horizontal_length_tablet=&#8220;0px&#8220; header_text_shadow_vertical_length_tablet=&#8220;0px&#8220; header_text_shadow_blur_strength_tablet=&#8220;1px&#8220; body_text_shadow_horizontal_length_tablet=&#8220;0px&#8220; body_text_shadow_vertical_length_tablet=&#8220;0px&#8220; body_text_shadow_blur_strength_tablet=&#8220;1px&#8220; body_link_text_shadow_horizontal_length_tablet=&#8220;0px&#8220; body_link_text_shadow_vertical_length_tablet=&#8220;0px&#8220; body_link_text_shadow_blur_strength_tablet=&#8220;1px&#8220; body_ul_text_shadow_horizontal_length_tablet=&#8220;0px&#8220; body_ul_text_shadow_vertical_length_tablet=&#8220;0px&#8220; body_ul_text_shadow_blur_strength_tablet=&#8220;1px&#8220; body_ol_text_shadow_horizontal_length_tablet=&#8220;0px&#8220; body_ol_text_shadow_vertical_length_tablet=&#8220;0px&#8220; body_ol_text_shadow_blur_strength_tablet=&#8220;1px&#8220; body_quote_text_shadow_horizontal_length_tablet=&#8220;0px&#8220; body_quote_text_shadow_vertical_length_tablet=&#8220;0px&#8220; body_quote_text_shadow_blur_strength_tablet=&#8220;1px&#8220; box_shadow_horizontal_tablet=&#8220;0px&#8220; box_shadow_vertical_tablet=&#8220;0px&#8220; box_shadow_blur_tablet=&#8220;40px&#8220; box_shadow_spread_tablet=&#8220;0px&#8220; box_shadow_horizontal_image_tablet=&#8220;0px&#8220; box_shadow_vertical_image_tablet=&#8220;0px&#8220; box_shadow_blur_image_tablet=&#8220;40px&#8220; box_shadow_spread_image_tablet=&#8220;0px&#8220; text_shadow_horizontal_length_tablet=&#8220;0px&#8220; text_shadow_vertical_length_tablet=&#8220;0px&#8220; text_shadow_blur_strength_tablet=&#8220;1px&#8220; global_module=&#8220;202&#8243; saved_tabs=&#8220;all&#8220; global_colors_info=&#8220;{}&#8220;]<\/p>\n<p data-start=\"83\" data-end=\"492\">Avant de d\u00e9poser une demande de marque europ\u00e9enne, il est essentiel d&#039;effectuer une recherche approfondie. Cette recherche permet de v\u00e9rifier l&#039;existence de droits de marque ant\u00e9rieurs susceptibles d&#039;entrer en conflit avec la demande. L&#039;EUIPO (Office de l&#039;Union europ\u00e9enne pour la propri\u00e9t\u00e9 intellectuelle) ne proc\u00e8de pas \u00e0 cette v\u00e9rification d&#039;office\u00a0; il incombe donc au demandeur d&#039;identifier les conflits potentiels en amont.<\/p>\n<p data-start=\"494\" data-end=\"861\"><strong data-start=\"494\" data-end=\"557\">Quels signes peuvent entrer en conflit avec une marque de l\u2019UE ?<\/strong><br data-start=\"557\" data-end=\"560\" \/>Non seulement les marques de l&#039;UE peuvent \u00eatre contest\u00e9es, mais aussi les marques nationales des 28 \u00c9tats membres de l&#039;UE, les marques internationales prot\u00e9g\u00e9es dans l&#039;UE, les logos, les noms de soci\u00e9t\u00e9 et les domaines. Les marques ou signes similaires susceptibles de cr\u00e9er un risque de confusion pr\u00e9sentent \u00e9galement un risque.<\/p>\n<p data-start=\"863\" data-end=\"1300\"><strong data-start=\"863\" data-end=\"916\">Pourquoi une recherche de marque compl\u00e8te est importante<\/strong><br data-start=\"916\" data-end=\"919\" \/>Les marques ou signes ant\u00e9rieurs peuvent s&#039;opposer \u00e0 votre demande de marque de l&#039;UE s&#039;il existe un risque de confusion. Une opposition peut \u00eatre form\u00e9e aupr\u00e8s de l&#039;EUIPO dans un d\u00e9lai d&#039;un mois \u00e0 compter de la publication de la demande. Si l&#039;opposition est accueillie, la marque ne sera pas inscrite au registre des marques et la demande sera rejet\u00e9e par l&#039;EUIPO.<\/p>\n<p data-start=\"1302\" data-end=\"1664\"><strong data-start=\"1302\" data-end=\"1341\">Prot\u00e9gez votre marque \u00e0 temps<\/strong><br data-start=\"1341\" data-end=\"1344\" \/>Une recherche approfondie de marques avant le d\u00e9p\u00f4t peut \u00e9viter des erreurs et des retards co\u00fbteux. Mon accompagnement en tant que conseil en marques vous permettra de r\u00e9aliser une recherche compl\u00e8te afin d&#039;identifier rapidement les conflits potentiels avec des marques plus anciennes et de d\u00e9poser votre demande de marque europ\u00e9enne en toute s\u00e9curit\u00e9.<\/p>\n<p data-start=\"1666\" data-end=\"1841\" data-is-last-node=\"\" data-is-only-node=\"\">Contactez-moi maintenant pour une recherche de marque professionnelle et assurez-vous que votre marque europ\u00e9enne soit enregistr\u00e9e avec succ\u00e8s sans aucun obstacle juridique !<\/p>\n<p>[\/et_pb_blurb][et_pb_blurb title=&#8220;Pr\u00fcfung absoluter Eintragungshindernisse \u2013 Wie Ihre Unionsmarke rechtlich gesch\u00fctzt wird&#8220; content_max_width=&#8220;100%&#8220; admin_label=&#8220;1. Abmahnung durch Contur&#8220; _builder_version=&#8220;4.27.4&#8243; header_level=&#8220;h2&#8243; header_font_size=&#8220;36&#8243; header_line_height=&#8220;1.3em&#8220; body_font_size=&#8220;16&#8243; body_line_height=&#8220;1.2em&#8220; custom_margin=&#8220;||23px|||&#8220; custom_margin_tablet=&#8220;||6%|&#8220; custom_margin_phone=&#8220;&#8220; custom_margin_last_edited=&#8220;on|phone&#8220; custom_padding=&#8220;||0px||false|false&#8220; header_font_size_tablet=&#8220;&#8220; header_font_size_phone=&#8220;27&#8243; header_font_size_last_edited=&#8220;on|phone&#8220; z_index_tablet=&#8220;500&#8243; custom_css_blurb_title=&#8220;margin-bottom: 9px;&#8220; custom_css_blurb_content=&#8220;margin-bottom: 27px;&#8220; header_text_shadow_horizontal_length_tablet=&#8220;0px&#8220; header_text_shadow_vertical_length_tablet=&#8220;0px&#8220; header_text_shadow_blur_strength_tablet=&#8220;1px&#8220; body_text_shadow_horizontal_length_tablet=&#8220;0px&#8220; body_text_shadow_vertical_length_tablet=&#8220;0px&#8220; body_text_shadow_blur_strength_tablet=&#8220;1px&#8220; body_link_text_shadow_horizontal_length_tablet=&#8220;0px&#8220; body_link_text_shadow_vertical_length_tablet=&#8220;0px&#8220; body_link_text_shadow_blur_strength_tablet=&#8220;1px&#8220; body_ul_text_shadow_horizontal_length_tablet=&#8220;0px&#8220; body_ul_text_shadow_vertical_length_tablet=&#8220;0px&#8220; body_ul_text_shadow_blur_strength_tablet=&#8220;1px&#8220; body_ol_text_shadow_horizontal_length_tablet=&#8220;0px&#8220; body_ol_text_shadow_vertical_length_tablet=&#8220;0px&#8220; body_ol_text_shadow_blur_strength_tablet=&#8220;1px&#8220; body_quote_text_shadow_horizontal_length_tablet=&#8220;0px&#8220; body_quote_text_shadow_vertical_length_tablet=&#8220;0px&#8220; body_quote_text_shadow_blur_strength_tablet=&#8220;1px&#8220; box_shadow_horizontal_tablet=&#8220;0px&#8220; box_shadow_vertical_tablet=&#8220;0px&#8220; box_shadow_blur_tablet=&#8220;40px&#8220; box_shadow_spread_tablet=&#8220;0px&#8220; box_shadow_horizontal_image_tablet=&#8220;0px&#8220; box_shadow_vertical_image_tablet=&#8220;0px&#8220; box_shadow_blur_image_tablet=&#8220;40px&#8220; box_shadow_spread_image_tablet=&#8220;0px&#8220; text_shadow_horizontal_length_tablet=&#8220;0px&#8220; text_shadow_vertical_length_tablet=&#8220;0px&#8220; text_shadow_blur_strength_tablet=&#8220;1px&#8220; global_module=&#8220;202&#8243; saved_tabs=&#8220;all&#8220; global_colors_info=&#8220;{}&#8220;]<\/p>\n<p data-start=\"90\" data-end=\"507\">Avant qu&#039;une marque de l&#039;Union europ\u00e9enne soit enregistr\u00e9e, elle doit poss\u00e9der le caract\u00e8re distinctif requis et, en particulier, ne pas \u00eatre descriptive des produits et services pour lesquels l&#039;enregistrement est demand\u00e9. L&#039;EUIPO examine d&#039;office si ces exigences sont remplies. Si l&#039;EUIPO consid\u00e8re que la marque est descriptive, la demande sera refus\u00e9e et ne sera m\u00eame pas publi\u00e9e.<\/p>\n<p data-start=\"509\" data-end=\"928\"><strong data-start=\"509\" data-end=\"568\">Pourquoi l&#039;examen par un avocat est important<\/strong><br data-start=\"568\" data-end=\"571\" \/>Il est souvent difficile de d\u00e9terminer si une marque est descriptive. Il est donc conseill\u00e9 de consulter un avocat sp\u00e9cialis\u00e9 en droit des marques avant de d\u00e9poser une demande de marque europ\u00e9enne. Dans certains cas, une marque verbale descriptive peut n\u00e9anmoins \u00eatre prot\u00e9g\u00e9e en la transformant en marque verbale-figurative.<\/p>\n<p data-start=\"930\" data-end=\"1087\" data-is-last-node=\"\" data-is-only-node=\"\">Contactez-moi d\u00e8s aujourd&#039;hui pour obtenir des conseils juridiques sur l&#039;enregistrement de marques et prot\u00e9gez votre marque \u00e0 l&#039;avance contre d&#039;\u00e9ventuels obstacles \u00e0 l&#039;enregistrement !<\/p>\n<p>[\/et_pb_blurb][et_pb_blurb title=&#8220;Kosten f\u00fcr die Anmeldung einer Unionsmarke \u2013 Was Sie beachten sollten&#8220; content_max_width=&#8220;100%&#8220; admin_label=&#8220;1. Abmahnung durch Contur&#8220; _builder_version=&#8220;4.27.4&#8243; header_level=&#8220;h2&#8243; header_font_size=&#8220;36&#8243; header_line_height=&#8220;1.3em&#8220; body_font_size=&#8220;16&#8243; body_line_height=&#8220;1.2em&#8220; custom_margin=&#8220;||23px|||&#8220; custom_margin_tablet=&#8220;||6%|&#8220; custom_margin_phone=&#8220;&#8220; custom_margin_last_edited=&#8220;on|phone&#8220; custom_padding=&#8220;||0px||false|false&#8220; header_font_size_tablet=&#8220;&#8220; header_font_size_phone=&#8220;27&#8243; header_font_size_last_edited=&#8220;on|phone&#8220; z_index_tablet=&#8220;500&#8243; custom_css_blurb_title=&#8220;margin-bottom: 9px;&#8220; custom_css_blurb_content=&#8220;margin-bottom: 27px;&#8220; header_text_shadow_horizontal_length_tablet=&#8220;0px&#8220; header_text_shadow_vertical_length_tablet=&#8220;0px&#8220; header_text_shadow_blur_strength_tablet=&#8220;1px&#8220; body_text_shadow_horizontal_length_tablet=&#8220;0px&#8220; body_text_shadow_vertical_length_tablet=&#8220;0px&#8220; body_text_shadow_blur_strength_tablet=&#8220;1px&#8220; body_link_text_shadow_horizontal_length_tablet=&#8220;0px&#8220; body_link_text_shadow_vertical_length_tablet=&#8220;0px&#8220; body_link_text_shadow_blur_strength_tablet=&#8220;1px&#8220; body_ul_text_shadow_horizontal_length_tablet=&#8220;0px&#8220; body_ul_text_shadow_vertical_length_tablet=&#8220;0px&#8220; body_ul_text_shadow_blur_strength_tablet=&#8220;1px&#8220; body_ol_text_shadow_horizontal_length_tablet=&#8220;0px&#8220; body_ol_text_shadow_vertical_length_tablet=&#8220;0px&#8220; body_ol_text_shadow_blur_strength_tablet=&#8220;1px&#8220; body_quote_text_shadow_horizontal_length_tablet=&#8220;0px&#8220; body_quote_text_shadow_vertical_length_tablet=&#8220;0px&#8220; body_quote_text_shadow_blur_strength_tablet=&#8220;1px&#8220; box_shadow_horizontal_tablet=&#8220;0px&#8220; box_shadow_vertical_tablet=&#8220;0px&#8220; box_shadow_blur_tablet=&#8220;40px&#8220; box_shadow_spread_tablet=&#8220;0px&#8220; box_shadow_horizontal_image_tablet=&#8220;0px&#8220; box_shadow_vertical_image_tablet=&#8220;0px&#8220; box_shadow_blur_image_tablet=&#8220;40px&#8220; box_shadow_spread_image_tablet=&#8220;0px&#8220; text_shadow_horizontal_length_tablet=&#8220;0px&#8220; text_shadow_vertical_length_tablet=&#8220;0px&#8220; text_shadow_blur_strength_tablet=&#8220;1px&#8220; global_module=&#8220;202&#8243; saved_tabs=&#8220;all&#8220; global_colors_info=&#8220;{}&#8220;]<\/p>\n<p data-start=\"71\" data-end=\"258\">Les frais d&#039;enregistrement d&#039;une marque de l&#039;Union europ\u00e9enne d\u00e9pendent du nombre de classes de produits et services que vous choisissez pour la protection de votre marque. Voici un aper\u00e7u des frais de l&#039;EUIPO\u00a0:<\/p>\n<ul data-start=\"260\" data-end=\"388\">\n<li data-start=\"260\" data-end=\"307\">\n<p data-start=\"262\" data-end=\"307\"><strong data-start=\"262\" data-end=\"278\">Tarif de base :<\/strong> 850 \u20ac pour la premi\u00e8re classe<\/p>\n<\/li>\n<li data-start=\"308\" data-end=\"388\">\n<p data-start=\"310\" data-end=\"388\"><strong data-start=\"310\" data-end=\"327\">Frais suppl\u00e9mentaires :<\/strong> 50 \u20ac pour le deuxi\u00e8me cours et 150 \u20ac pour chaque cours suppl\u00e9mentaire<\/p>\n<\/li>\n<\/ul>\n<p data-start=\"390\" data-end=\"607\">Ces frais couvrent la protection de votre marque pendant une p\u00e9riode de 10 ans. Apr\u00e8s cette p\u00e9riode, des frais de renouvellement peuvent \u00eatre acquitt\u00e9s pour continuer \u00e0 la prot\u00e9ger.<\/p>\n<p data-start=\"609\" data-end=\"803\">Plus vous choisissez de classes, plus le co\u00fbt est \u00e9lev\u00e9. Cependant, il est important de s\u00e9lectionner les classes appropri\u00e9es pour garantir la protection de votre marque dans les domaines concern\u00e9s.<\/p>\n<p data-start=\"805\" data-end=\"917\" data-is-last-node=\"\" data-is-only-node=\"\">Contactez-moi pour des conseils d\u00e9taill\u00e9s sur les co\u00fbts et le processus d&#039;enregistrement de votre marque de l&#039;Union europ\u00e9enne !<\/p>\n<ul data-start=\"1415\" data-end=\"1570\"><\/ul>\n<p>[\/et_pb_blurb][et_pb_code admin_label=&#8220;Social Share Plugin&#8220; _builder_version=&#8220;4.16&#8243; custom_margin=&#8220;40px||40px|&#8220; z_index_tablet=&#8220;500&#8243; global_colors_info=&#8220;{}&#8220;]<div class=\"shariff shariff-align-flex-start shariff-widget-align-flex-start\"><div class=\"ShariffHeadline\">Partagez cette publication<\/div><ul class=\"shariff-buttons theme-default orientation-horizontal buttonsize-medium\"><li class=\"shariff-button mailto shariff-nocustomcolor\" style=\"background-color:#a8a8a8\"><a href=\"mailto:?body=https%3A%2F%2Fwww.renz-recht.de%2Ffr%2Fdroit-des-marques%2Fenregistrer-une-marque-de-lunion-europeenne%2F&subject=Unionsmarke%20anmelden%20%E2%80%93%20Umfassender%20Markenschutz%20in%20der%20gesamten%20EU\" title=\"Envoyer par email\" aria-label=\"Envoyer par email\" role=\"button\" rel=\"noopener nofollow\" class=\"shariff-link\" style=\"; background-color:#999; color:#fff\"><span class=\"shariff-icon\" style=\"\"><svg width=\"32px\" height=\"20px\" xmlns=\"http:\/\/www.w3.org\/2000\/svg\" viewbox=\"0 0 32 32\"><path fill=\"#999\" d=\"M32 12.7v14.2q0 1.2-0.8 2t-2 0.9h-26.3q-1.2 0-2-0.9t-0.8-2v-14.2q0.8 0.9 1.8 1.6 6.5 4.4 8.9 6.1 1 0.8 1.6 1.2t1.7 0.9 2 0.4h0.1q0.9 0 2-0.4t1.7-0.9 1.6-1.2q3-2.2 8.9-6.1 1-0.7 1.8-1.6zM32 7.4q0 1.4-0.9 2.7t-2.2 2.2q-6.7 4.7-8.4 5.8-0.2 0.1-0.7 0.5t-1 0.7-0.9 0.6-1.1 0.5-0.9 0.2h-0.1q-0.4 0-0.9-0.2t-1.1-0.5-0.9-0.6-1-0.7-0.7-0.5q-1.6-1.1-4.7-3.2t-3.6-2.6q-1.1-0.7-2.1-2t-1-2.5q0-1.4 0.7-2.3t2.1-0.9h26.3q1.2 0 2 0.8t0.9 2z\"\/><\/svg><\/span><span class=\"shariff-text\">courriel<\/span>&nbsp;<\/a><\/li><\/ul><\/div>[\/et_pb_code][et_pb_blurb title=&#8220;\u00dcber die Autorin&#8220; content_max_width=&#8220;100%&#8220; admin_label=&#8220;\u00dcber die Autorin&#8220; _builder_version=&#8220;4.16&#8243; header_level=&#8220;h2&#8243; header_font_size=&#8220;27&#8243; custom_margin=&#8220;||0px|&#8220; locked=&#8220;on&#8220; global_colors_info=&#8220;{}&#8220;][\/et_pb_blurb][et_pb_team_member name=&#8220;Anne-Kathrin Renz&#8220; image_url=&#8220;https:\/\/www.renz-recht.de\/wp-content\/uploads\/2020\/03\/Renz__-scaled.jpg&#8220; admin_label=&#8220;Anne Kathrin Renz&#8220; _builder_version=&#8220;4.9.2&#8243; header_level=&#8220;h3&#8243; body_line_height=&#8220;1.3em&#8220; background_color=&#8220;#eeeeee&#8220; custom_padding=&#8220;18px|18px|18px|18px&#8220; z_index_tablet=&#8220;500&#8243; header_text_shadow_horizontal_length_tablet=&#8220;0px&#8220; header_text_shadow_vertical_length_tablet=&#8220;0px&#8220; header_text_shadow_blur_strength_tablet=&#8220;1px&#8220; body_text_shadow_horizontal_length_tablet=&#8220;0px&#8220; body_text_shadow_vertical_length_tablet=&#8220;0px&#8220; body_text_shadow_blur_strength_tablet=&#8220;1px&#8220; position_text_shadow_horizontal_length_tablet=&#8220;0px&#8220; position_text_shadow_vertical_length_tablet=&#8220;0px&#8220; position_text_shadow_blur_strength_tablet=&#8220;1px&#8220; body_link_text_shadow_horizontal_length_tablet=&#8220;0px&#8220; body_link_text_shadow_vertical_length_tablet=&#8220;0px&#8220; body_link_text_shadow_blur_strength_tablet=&#8220;1px&#8220; body_ul_text_shadow_horizontal_length_tablet=&#8220;0px&#8220; body_ul_text_shadow_vertical_length_tablet=&#8220;0px&#8220; body_ul_text_shadow_blur_strength_tablet=&#8220;1px&#8220; body_ol_text_shadow_horizontal_length_tablet=&#8220;0px&#8220; body_ol_text_shadow_vertical_length_tablet=&#8220;0px&#8220; body_ol_text_shadow_blur_strength_tablet=&#8220;1px&#8220; body_quote_text_shadow_horizontal_length_tablet=&#8220;0px&#8220; body_quote_text_shadow_vertical_length_tablet=&#8220;0px&#8220; body_quote_text_shadow_blur_strength_tablet=&#8220;1px&#8220; box_shadow_horizontal_tablet=&#8220;0px&#8220; box_shadow_vertical_tablet=&#8220;0px&#8220; box_shadow_blur_tablet=&#8220;40px&#8220; box_shadow_spread_tablet=&#8220;0px&#8220; box_shadow_horizontal_image_tablet=&#8220;0px&#8220; box_shadow_vertical_image_tablet=&#8220;0px&#8220; box_shadow_blur_image_tablet=&#8220;40px&#8220; box_shadow_spread_image_tablet=&#8220;0px&#8220; text_shadow_horizontal_length_tablet=&#8220;0px&#8220; text_shadow_vertical_length_tablet=&#8220;0px&#8220; text_shadow_blur_strength_tablet=&#8220;1px&#8220; global_module=&#8220;556&#8243; saved_tabs=&#8220;all&#8220; locked=&#8220;off&#8220; global_colors_info=&#8220;{}&#8220;]<\/p>\n<p>Anne-Kathrin Renz est avocate, d\u00e9l\u00e9gu\u00e9e \u00e0 la protection des donn\u00e9es et conf\u00e9renci\u00e8re. Elle a compl\u00e9t\u00e9 la partie th\u00e9orique de sa formation d&#039;avocate sp\u00e9cialis\u00e9e en droit de la propri\u00e9t\u00e9 intellectuelle et en droit des technologies de l&#039;information. Dans son blog, elle rend compte de sujets d\u2019actualit\u00e9 du monde num\u00e9rique du droit.<\/p>\n<p>[\/et_pb_team_member][\/et_pb_column][et_pb_column type=&#8220;1_3&#8243; _builder_version=&#8220;4.22.1&#8243; custom_padding=&#8220;|||&#8220; global_colors_info=&#8220;{}&#8220; custom_padding__hover=&#8220;|||&#8220;][et_pb_sidebar area=&#8220;et_pb_widget_area_2&#8243; admin_label=&#8220;Sidebar Kategorien&#8220; module_class=&#8220;sidebar-menu&#8220; _builder_version=&#8220;4.22.1&#8243; header_font_size=&#8220;30&#8243; header_line_height=&#8220;1.2em&#8220; body_font_size=&#8220;16&#8243; background_color=&#8220;#26173a&#8220; background_size=&#8220;initial&#8220; background_repeat=&#8220;repeat&#8220; background_layout=&#8220;dark&#8220; custom_margin=&#8220;||45px|&#8220; custom_padding=&#8220;18px|18px|18px|18px&#8220; z_index_tablet=&#8220;500&#8243; header_text_shadow_horizontal_length_tablet=&#8220;0px&#8220; header_text_shadow_vertical_length_tablet=&#8220;0px&#8220; header_text_shadow_blur_strength_tablet=&#8220;1px&#8220; body_text_shadow_horizontal_length_tablet=&#8220;0px&#8220; body_text_shadow_vertical_length_tablet=&#8220;0px&#8220; body_text_shadow_blur_strength_tablet=&#8220;1px&#8220; box_shadow_horizontal_tablet=&#8220;0px&#8220; box_shadow_vertical_tablet=&#8220;0px&#8220; box_shadow_blur_tablet=&#8220;40px&#8220; box_shadow_spread_tablet=&#8220;0px&#8220; text_shadow_horizontal_length_tablet=&#8220;0px&#8220; text_shadow_vertical_length_tablet=&#8220;0px&#8220; text_shadow_blur_strength_tablet=&#8220;1px&#8220; global_module=&#8220;182&#8243; saved_tabs=&#8220;all&#8220; locked=&#8220;off&#8220; global_colors_info=&#8220;{}&#8220;][\/et_pb_sidebar][et_pb_sidebar area=&#8220;et_pb_widget_area_1&#8243; admin_label=&#8220;Sidebar Kategorien&#8220; module_class=&#8220;sidebar-menu&#8220; _builder_version=&#8220;4.22.1&#8243; header_font_size=&#8220;30&#8243; header_line_height=&#8220;1.2em&#8220; body_font_size=&#8220;16&#8243; background_color=&#8220;#26173a&#8220; background_size=&#8220;initial&#8220; background_repeat=&#8220;repeat&#8220; background_layout=&#8220;dark&#8220; custom_margin=&#8220;||45px|&#8220; custom_padding=&#8220;18px|18px|18px|18px&#8220; z_index_tablet=&#8220;500&#8243; header_text_shadow_horizontal_length_tablet=&#8220;0px&#8220; header_text_shadow_vertical_length_tablet=&#8220;0px&#8220; header_text_shadow_blur_strength_tablet=&#8220;1px&#8220; body_text_shadow_horizontal_length_tablet=&#8220;0px&#8220; body_text_shadow_vertical_length_tablet=&#8220;0px&#8220; body_text_shadow_blur_strength_tablet=&#8220;1px&#8220; box_shadow_horizontal_tablet=&#8220;0px&#8220; box_shadow_vertical_tablet=&#8220;0px&#8220; box_shadow_blur_tablet=&#8220;40px&#8220; box_shadow_spread_tablet=&#8220;0px&#8220; text_shadow_horizontal_length_tablet=&#8220;0px&#8220; text_shadow_vertical_length_tablet=&#8220;0px&#8220; text_shadow_blur_strength_tablet=&#8220;1px&#8220; global_module=&#8220;182&#8243; saved_tabs=&#8220;all&#8220; locked=&#8220;off&#8220; global_colors_info=&#8220;{}&#8220;][\/et_pb_sidebar][et_pb_blurb title=&#8220;Jetzt Rechtsberatung anfragen!&#8220; content_max_width=&#8220;100%&#8220; admin_label=&#8220;Sidebar Kontaktformular&#8220; _builder_version=&#8220;4.16&#8243; header_level=&#8220;h3&#8243; header_font_size=&#8220;30&#8243; header_line_height=&#8220;1.2em&#8220; background_color=&#8220;#26173a&#8220; background_layout=&#8220;dark&#8220; custom_padding=&#8220;18px|18px|18px|18px&#8220; header_font_size_tablet=&#8220;&#8220; header_font_size_phone=&#8220;21&#8243; header_font_size_last_edited=&#8220;on|phone&#8220; z_index_tablet=&#8220;500&#8243; custom_css_blurb_title=&#8220;margin-bottom:9px !important;&#8220; header_text_shadow_horizontal_length_tablet=&#8220;0px&#8220; header_text_shadow_vertical_length_tablet=&#8220;0px&#8220; header_text_shadow_blur_strength_tablet=&#8220;1px&#8220; body_text_shadow_horizontal_length_tablet=&#8220;0px&#8220; body_text_shadow_vertical_length_tablet=&#8220;0px&#8220; body_text_shadow_blur_strength_tablet=&#8220;1px&#8220; body_link_text_shadow_horizontal_length_tablet=&#8220;0px&#8220; body_link_text_shadow_vertical_length_tablet=&#8220;0px&#8220; body_link_text_shadow_blur_strength_tablet=&#8220;1px&#8220; body_ul_text_shadow_horizontal_length_tablet=&#8220;0px&#8220; body_ul_text_shadow_vertical_length_tablet=&#8220;0px&#8220; body_ul_text_shadow_blur_strength_tablet=&#8220;1px&#8220; body_ol_text_shadow_horizontal_length_tablet=&#8220;0px&#8220; body_ol_text_shadow_vertical_length_tablet=&#8220;0px&#8220; body_ol_text_shadow_blur_strength_tablet=&#8220;1px&#8220; body_quote_text_shadow_horizontal_length_tablet=&#8220;0px&#8220; body_quote_text_shadow_vertical_length_tablet=&#8220;0px&#8220; body_quote_text_shadow_blur_strength_tablet=&#8220;1px&#8220; box_shadow_horizontal_tablet=&#8220;0px&#8220; box_shadow_vertical_tablet=&#8220;0px&#8220; box_shadow_blur_tablet=&#8220;40px&#8220; box_shadow_spread_tablet=&#8220;0px&#8220; box_shadow_horizontal_image_tablet=&#8220;0px&#8220; box_shadow_vertical_image_tablet=&#8220;0px&#8220; box_shadow_blur_image_tablet=&#8220;40px&#8220; box_shadow_spread_image_tablet=&#8220;0px&#8220; text_shadow_horizontal_length_tablet=&#8220;0px&#8220; text_shadow_vertical_length_tablet=&#8220;0px&#8220; text_shadow_blur_strength_tablet=&#8220;1px&#8220; saved_tabs=&#8220;all&#8220; locked=&#8220;off&#8220; global_colors_info=&#8220;{}&#8220;]\n<div class=\"wpcf7 no-js\" id=\"wpcf7-f160-o1\" lang=\"de-DE\" dir=\"ltr\" data-wpcf7-id=\"160\">\n<div class=\"screen-reader-response\"><p role=\"status\" aria-live=\"polite\" aria-atomic=\"true\"><\/p> <ul><\/ul><\/div>\n<form action=\"\/fr\/wp-json\/wp\/v2\/posts\/3615#wpcf7-f160-o1\" method=\"post\" class=\"wpcf7-form init wpcf7-acceptance-as-validation\" aria-label=\"Formulaire de contact\" enctype=\"multipart\/form-data\" novalidate=\"novalidate\" data-status=\"init\" data-trp-original-action=\"\/fr\/wp-json\/wp\/v2\/posts\/3615#wpcf7-f160-o1\">\n<fieldset class=\"hidden-fields-container\"><input type=\"hidden\" name=\"_wpcf7\" value=\"160\" \/><input type=\"hidden\" name=\"_wpcf7_version\" value=\"6.1.4\" \/><input type=\"hidden\" name=\"_wpcf7_locale\" value=\"de_DE\" \/><input type=\"hidden\" name=\"_wpcf7_unit_tag\" value=\"wpcf7-f160-o1\" \/><input type=\"hidden\" name=\"_wpcf7_container_post\" value=\"0\" \/><input type=\"hidden\" name=\"_wpcf7_posted_data_hash\" value=\"\" \/>\n<\/fieldset>\n<p>Les champs obligatoires sont marqu\u00e9s d&#039;un *.\n<\/p>\n<div class=\"form-row\">\n\t<p><span class=\"wpcf7-form-control-wrap\" data-name=\"vorname\"><input size=\"40\" maxlength=\"400\" class=\"wpcf7-form-control wpcf7-text wpcf7-validates-as-required\" aria-required=\"true\" aria-invalid=\"false\" placeholder=\"Nom*\" value=\"\" type=\"text\" name=\"vorname\" \/><\/span>\n\t<\/p>\n<\/div>\n<div class=\"form-row\">\n\t<p><span class=\"wpcf7-form-control-wrap\" data-name=\"email\"><input size=\"40\" maxlength=\"400\" class=\"wpcf7-form-control wpcf7-email wpcf7-validates-as-required wpcf7-text wpcf7-validates-as-email\" aria-required=\"true\" aria-invalid=\"false\" placeholder=\"Adresse email*\" value=\"\" type=\"email\" name=\"email\" \/><\/span><span id=\"wpcf7-69f1b85dbc910-wrapper\" class=\"wpcf7-form-control-wrap website-wrap\" ><label for=\"wpcf7-69f1b85dbc910-field\" class=\"hp-message\">Veuillez laisser ce champ vide.<\/label><input id=\"wpcf7-69f1b85dbc910-field\"  class=\"wpcf7-form-control wpcf7-text\" type=\"text\" name=\"website\" value=\"\" size=\"40\" tabindex=\"-1\" autocomplete=\"new-password\" \/><\/span>\n\t<\/p>\n<\/div>\n<div class=\"form-row\">\n\t<p><span class=\"wpcf7-form-control-wrap\" data-name=\"phone\"><input size=\"40\" maxlength=\"400\" class=\"wpcf7-form-control wpcf7-tel wpcf7-text wpcf7-validates-as-tel\" aria-invalid=\"false\" placeholder=\"Num\u00e9ro de t\u00e9l\u00e9phone\" value=\"\" type=\"tel\" name=\"phone\" \/><\/span>\n\t<\/p>\n<\/div>\n<div class=\"form-row\">\n\t<p><span class=\"wpcf7-form-control-wrap\" data-name=\"upload\"><input size=\"40\" class=\"wpcf7-form-control wpcf7-file\" accept=\".pdf,.doc,.jpeg,.jpg,.png\" aria-invalid=\"false\" type=\"file\" name=\"upload\" \/><\/span>\n\t<\/p>\n<\/div>\n<div class=\"form-row\">\n\t<p><span class=\"wpcf7-form-control-wrap\" data-name=\"nachricht\"><textarea cols=\"40\" rows=\"10\" maxlength=\"2000\" class=\"wpcf7-form-control wpcf7-textarea wpcf7-validates-as-required\" aria-required=\"true\" aria-invalid=\"false\" placeholder=\"Votre message*\" name=\"nachricht\"><\/textarea><\/span>\n\t<\/p>\n<\/div>\n<div>\n\t<p><span class=\"wpcf7-form-control-wrap\" data-name=\"acceptance-737\"><span class=\"wpcf7-form-control wpcf7-acceptance\"><span class=\"wpcf7-list-item\"><label><input type=\"checkbox\" name=\"acceptance-737\" value=\"1\" aria-invalid=\"false\" \/><span class=\"wpcf7-list-item-label\">Vos donn\u00e9es seront utilis\u00e9es pour r\u00e9pondre \u00e0 votre demande. Vous pouvez vous opposer \u00e0 tout moment \u00e0 l&#039;utilisation de vos donn\u00e9es sans encourir d&#039;autres frais que les frais de transmission selon les tarifs de base de votre fournisseur Internet. Pour plus d&#039;informations, veuillez consulter le <a href=\"\/fr\/politique-de-confidentialite\/\">Politique de confidentialit\u00e9<\/a><\/span><\/label><\/span><\/span><\/span>\n\t<\/p>\n<\/div>\n<div class=\"form-row\">\n\t<p><button type=\"submit\" class=\"button wpcf7-submit\">Envoyer une demande<\/button>\n\t<\/p>\n<\/div><div class=\"wpcf7-response-output\" aria-hidden=\"true\"><\/div>\n<input type=\"hidden\" name=\"trp-form-language\" value=\"fr\"\/><\/form>\n<\/div>\n[\/et_pb_blurb][\/et_pb_column][\/et_pb_row][\/et_pb_section]<\/p>","protected":false},"excerpt":{"rendered":"<p>Unionsmarke anmelden \u2013 Effektiver Markenschutz in der gesamten EU Eine Unionsmarke bietet Ihnen umfassenden Markenschutz in allen 27 Mitgliedstaaten der Europ\u00e4ischen Union \u2013 und das mit einer einzigen Anmeldung. Dies spart Zeit und reduziert den Verwaltungsaufwand erheblich, was insbesondere f\u00fcr Unternehmen mit T\u00e4tigkeiten in mehreren EU-L\u00e4ndern von Vorteil ist. Die Anmeldung erfolgt beim Amt der [&hellip;]<\/p>","protected":false},"author":1,"featured_media":3625,"comment_status":"closed","ping_status":"closed","sticky":false,"template":"","format":"standard","meta":{"_et_pb_use_builder":"on","_et_pb_old_content":"","_et_gb_content_width":"","inline_featured_image":false,"footnotes":""},"categories":[27],"tags":[89,93,91],"class_list":["post-3615","post","type-post","status-publish","format-standard","has-post-thumbnail","hentry","category-markenrecht","tag-familienname-als-marke","tag-scheidung","tag-trennung"],"aioseo_notices":[],"aioseo_head":"\n\t\t<!-- All in One SEO Pro 4.9.6.2 - aioseo.com -->\n\t<link rel=\"canonical\" href=\"https:\/\/www.renz-recht.de\/fr\/et_pb_layout\/headline-subline_modul\/\" \/>\n\t<meta name=\"generator\" content=\"All in One SEO Pro (AIOSEO) 4.9.6.2\" \/>\n\t\t<meta property=\"og:locale\" content=\"fr_FR\" \/>\n\t\t<meta property=\"og:site_name\" content=\"Renz Recht - Anwalt Markenrecht Urheberrecht Saarbr\u00fccken - Rechtsanw\u00e4ltin Anne-Kathrin Renz\" \/>\n\t\t<meta property=\"og:type\" content=\"article\" \/>\n\t\t<meta property=\"og:title\" content=\"H2 \u00dcberschrift (zentriert) mit Subtext - Renz Recht - Anwalt Markenrecht Urheberrecht Saarbr\u00fccken\" \/>\n\t\t<meta property=\"og:url\" content=\"https:\/\/www.renz-recht.de\/fr\/et_pb_layout\/headline-subline_modul\/\" \/>\n\t\t<meta property=\"article:published_time\" content=\"2019-02-05T07:35:11+00:00\" \/>\n\t\t<meta property=\"article:modified_time\" content=\"2024-04-03T14:27:11+00:00\" \/>\n\t\t<meta name=\"twitter:card\" content=\"summary_large_image\" \/>\n\t\t<meta name=\"twitter:title\" content=\"H2 \u00dcberschrift (zentriert) mit Subtext - Renz Recht - Anwalt Markenrecht Urheberrecht Saarbr\u00fccken\" \/>\n\t\t<script type=\"application\/ld+json\" class=\"aioseo-schema\">\n\t\t\t{\"@context\":\"https:\\\/\\\/schema.org\",\"@graph\":[{\"@type\":\"BreadcrumbList\",\"@id\":\"https:\\\/\\\/www.renz-recht.de\\\/fr\\\/et_pb_layout\\\/headline-subline_modul\\\/#breadcrumblist\",\"itemListElement\":[{\"@type\":\"ListItem\",\"@id\":\"https:\\\/\\\/www.renz-recht.de\\\/fr#listItem\",\"position\":1,\"name\":\"Home\",\"item\":\"https:\\\/\\\/www.renz-recht.de\\\/fr\",\"nextItem\":{\"@type\":\"ListItem\",\"@id\":\"https:\\\/\\\/www.renz-recht.de\\\/fr\\\/categorie\\\/droit-des-marques\\\/#listItem\",\"name\":\"Markenrecht\"}},{\"@type\":\"ListItem\",\"@id\":\"https:\\\/\\\/www.renz-recht.de\\\/fr\\\/categorie\\\/droit-des-marques\\\/#listItem\",\"position\":2,\"name\":\"Markenrecht\",\"item\":\"https:\\\/\\\/www.renz-recht.de\\\/fr\\\/categorie\\\/droit-des-marques\\\/\",\"nextItem\":{\"@type\":\"ListItem\",\"@id\":\"https:\\\/\\\/www.renz-recht.de\\\/fr\\\/droit-des-marques\\\/enregistrer-une-marque-de-lunion-europeenne\\\/#listItem\",\"name\":\"Unionsmarke anmelden \\u2013 Umfassender Markenschutz in der gesamten EU\"},\"previousItem\":{\"@type\":\"ListItem\",\"@id\":\"https:\\\/\\\/www.renz-recht.de\\\/fr#listItem\",\"name\":\"Home\"}},{\"@type\":\"ListItem\",\"@id\":\"https:\\\/\\\/www.renz-recht.de\\\/fr\\\/droit-des-marques\\\/enregistrer-une-marque-de-lunion-europeenne\\\/#listItem\",\"position\":3,\"name\":\"Unionsmarke anmelden \\u2013 Umfassender Markenschutz in der gesamten EU\",\"previousItem\":{\"@type\":\"ListItem\",\"@id\":\"https:\\\/\\\/www.renz-recht.de\\\/fr\\\/categorie\\\/droit-des-marques\\\/#listItem\",\"name\":\"Markenrecht\"}}]},{\"@type\":\"Organization\",\"@id\":\"https:\\\/\\\/www.renz-recht.de\\\/fr\\\/#organization\",\"name\":\"Rechtsanw\\u00e4ltin Anne-Kathrin Renz Saarbr\\u00fccken\",\"description\":\"Rechtsanw\\u00e4ltin Anne-Kathrin Renz\",\"url\":\"https:\\\/\\\/www.renz-recht.de\\\/fr\\\/\",\"telephone\":\"+4968195810588\",\"logo\":{\"@type\":\"ImageObject\",\"url\":\"https:\\\/\\\/www.renz-recht.de\\\/wp-content\\\/uploads\\\/2023\\\/11\\\/logo-renz-recht_sw.svg\",\"@id\":\"https:\\\/\\\/www.renz-recht.de\\\/fr\\\/et_pb_layout\\\/headline-subline_modul\\\/#organizationLogo\"},\"image\":{\"@id\":\"https:\\\/\\\/www.renz-recht.de\\\/fr\\\/et_pb_layout\\\/headline-subline_modul\\\/#organizationLogo\"}},{\"@type\":\"WebPage\",\"@id\":\"https:\\\/\\\/www.renz-recht.de\\\/fr\\\/et_pb_layout\\\/headline-subline_modul\\\/#webpage\",\"url\":\"https:\\\/\\\/www.renz-recht.de\\\/fr\\\/et_pb_layout\\\/headline-subline_modul\\\/\",\"name\":\"H2 \\u00dcberschrift (zentriert) mit Subtext - Renz Recht - Anwalt Markenrecht Urheberrecht Saarbr\\u00fccken\",\"inLanguage\":\"fr-FR\",\"isPartOf\":{\"@id\":\"https:\\\/\\\/www.renz-recht.de\\\/fr\\\/#website\"},\"breadcrumb\":{\"@id\":\"https:\\\/\\\/www.renz-recht.de\\\/fr\\\/et_pb_layout\\\/headline-subline_modul\\\/#breadcrumblist\"},\"datePublished\":\"2019-02-05T08:35:11+01:00\",\"dateModified\":\"2024-04-03T16:27:11+02:00\"},{\"@type\":\"WebSite\",\"@id\":\"https:\\\/\\\/www.renz-recht.de\\\/fr\\\/#website\",\"url\":\"https:\\\/\\\/www.renz-recht.de\\\/fr\\\/\",\"name\":\"Rechtsanw\\u00e4ltin Anne-Kathrin Renz Saarbr\\u00fccken\",\"alternateName\":\"Rechtsanw\\u00e4ltin Markenrecht Saarbr\\u00fccken\",\"description\":\"Rechtsanw\\u00e4ltin Anne-Kathrin Renz\",\"inLanguage\":\"fr-FR\",\"publisher\":{\"@id\":\"https:\\\/\\\/www.renz-recht.de\\\/fr\\\/#organization\"}}]}\n\t\t<\/script>\n\t\t<!-- All in One SEO Pro -->\r\n\t\t<title>H2 \u00dcberschrift (zentriert) mit Subtext - Renz Recht - Anwalt Markenrecht Urheberrecht Saarbr\u00fccken<\/title>\n\n","aioseo_head_json":{"title":"Titre H2 (centr\u00e9) avec sous-titre\u00a0: Renz Law - Avocat sp\u00e9cialis\u00e9 en droit des marques et du droit d&#039;auteur, Sarrebruck","description":"","canonical_url":"https:\/\/www.renz-recht.de\/fr\/et_pb_layout\/headline-subline_modul\/","robots":"","keywords":"","webmasterTools":{"miscellaneous":""},"schema":{"@context":"https:\/\/schema.org","@graph":[{"@type":"BreadcrumbList","@id":"https:\/\/www.renz-recht.de\/fr\/et_pb_layout\/headline-subline_modul\/#breadcrumblist","itemListElement":[{"@type":"ListItem","@id":"https:\/\/www.renz-recht.de\/fr#listItem","position":1,"name":"Home","item":"https:\/\/www.renz-recht.de\/fr","nextItem":{"@type":"ListItem","@id":"https:\/\/www.renz-recht.de\/fr\/categorie\/droit-des-marques\/#listItem","name":"Markenrecht"}},{"@type":"ListItem","@id":"https:\/\/www.renz-recht.de\/fr\/categorie\/droit-des-marques\/#listItem","position":2,"name":"Markenrecht","item":"https:\/\/www.renz-recht.de\/fr\/categorie\/droit-des-marques\/","nextItem":{"@type":"ListItem","@id":"https:\/\/www.renz-recht.de\/fr\/droit-des-marques\/enregistrer-une-marque-de-lunion-europeenne\/#listItem","name":"Unionsmarke anmelden \u2013 Umfassender Markenschutz in der gesamten EU"},"previousItem":{"@type":"ListItem","@id":"https:\/\/www.renz-recht.de\/fr#listItem","name":"Home"}},{"@type":"ListItem","@id":"https:\/\/www.renz-recht.de\/fr\/droit-des-marques\/enregistrer-une-marque-de-lunion-europeenne\/#listItem","position":3,"name":"Unionsmarke anmelden \u2013 Umfassender Markenschutz in der gesamten EU","previousItem":{"@type":"ListItem","@id":"https:\/\/www.renz-recht.de\/fr\/categorie\/droit-des-marques\/#listItem","name":"Markenrecht"}}]},{"@type":"Organization","@id":"https:\/\/www.renz-recht.de\/fr\/#organization","name":"Rechtsanw\u00e4ltin Anne-Kathrin Renz Saarbr\u00fccken","description":"Rechtsanw\u00e4ltin Anne-Kathrin Renz","url":"https:\/\/www.renz-recht.de\/fr\/","telephone":"+4968195810588","logo":{"@type":"ImageObject","url":"https:\/\/www.renz-recht.de\/wp-content\/uploads\/2023\/11\/logo-renz-recht_sw.svg","@id":"https:\/\/www.renz-recht.de\/fr\/et_pb_layout\/headline-subline_modul\/#organizationLogo"},"image":{"@id":"https:\/\/www.renz-recht.de\/fr\/et_pb_layout\/headline-subline_modul\/#organizationLogo"}},{"@type":"WebPage","@id":"https:\/\/www.renz-recht.de\/fr\/et_pb_layout\/headline-subline_modul\/#webpage","url":"https:\/\/www.renz-recht.de\/fr\/et_pb_layout\/headline-subline_modul\/","name":"H2 \u00dcberschrift (zentriert) mit Subtext - Renz Recht - Anwalt Markenrecht Urheberrecht Saarbr\u00fccken","inLanguage":"fr-FR","isPartOf":{"@id":"https:\/\/www.renz-recht.de\/fr\/#website"},"breadcrumb":{"@id":"https:\/\/www.renz-recht.de\/fr\/et_pb_layout\/headline-subline_modul\/#breadcrumblist"},"datePublished":"2019-02-05T08:35:11+01:00","dateModified":"2024-04-03T16:27:11+02:00"},{"@type":"WebSite","@id":"https:\/\/www.renz-recht.de\/fr\/#website","url":"https:\/\/www.renz-recht.de\/fr\/","name":"Rechtsanw\u00e4ltin Anne-Kathrin Renz Saarbr\u00fccken","alternateName":"Rechtsanw\u00e4ltin Markenrecht Saarbr\u00fccken","description":"Rechtsanw\u00e4ltin Anne-Kathrin Renz","inLanguage":"fr-FR","publisher":{"@id":"https:\/\/www.renz-recht.de\/fr\/#organization"}}]},"og:locale":"fr_FR","og:site_name":"Renz Recht - Anwalt Markenrecht Urheberrecht Saarbr\u00fccken - Rechtsanw\u00e4ltin Anne-Kathrin Renz","og:type":"article","og:title":"H2 \u00dcberschrift (zentriert) mit Subtext - Renz Recht - Anwalt Markenrecht Urheberrecht Saarbr\u00fccken","og:url":"https:\/\/www.renz-recht.de\/fr\/et_pb_layout\/headline-subline_modul\/","article:published_time":"2019-02-05T07:35:11+00:00","article:modified_time":"2024-04-03T14:27:11+00:00","twitter:card":"summary_large_image","twitter:title":"H2 \u00dcberschrift (zentriert) mit Subtext - Renz Recht - Anwalt Markenrecht Urheberrecht Saarbr\u00fccken"},"aioseo_meta_data":{"post_id":"3615","title":null,"description":null,"keywords":null,"keyphrases":{"focus":{"keyphrase":"Familienname als Marke","score":37,"analysis":{"keyphraseInTitle":{"score":3,"maxScore":9,"error":1},"keyphraseInDescription":{"score":3,"maxScore":9,"error":1},"keyphraseLength":{"score":9,"maxScore":9,"error":0,"length":3},"keyphraseInURL":{"score":1,"maxScore":5,"error":1},"keyphraseInIntroduction":{"score":3,"maxScore":9,"error":1},"keyphraseInSubHeadings":{"score":3,"maxScore":9,"error":1},"keyphraseInImageAlt":[],"keywordDensity":{"score":0,"type":"low","maxScore":9,"error":1}}},"additional":[]},"primary_term":null,"canonical_url":null,"og_title":null,"og_description":null,"og_object_type":"default","og_image_type":"default","og_image_url":null,"og_image_width":null,"og_image_height":null,"og_image_custom_url":null,"og_image_custom_fields":null,"og_video":"","og_custom_url":null,"og_article_section":null,"og_article_tags":null,"twitter_use_og":false,"twitter_card":"default","twitter_image_type":"default","twitter_image_url":null,"twitter_image_custom_url":null,"twitter_image_custom_fields":null,"twitter_title":null,"twitter_description":null,"schema":{"blockGraphs":[],"customGraphs":[],"default":{"data":{"Article":[],"Course":[],"Dataset":[],"FAQPage":[],"Movie":[],"Person":[],"Product":[],"ProductReview":[],"Car":[],"Recipe":[],"Service":[],"SoftwareApplication":[],"WebPage":[]},"graphName":"BlogPosting","isEnabled":true},"graphs":[]},"schema_type":"default","schema_type_options":null,"pillar_content":false,"robots_default":true,"robots_noindex":false,"robots_noarchive":false,"robots_nosnippet":false,"robots_nofollow":false,"robots_noimageindex":false,"robots_noodp":false,"robots_notranslate":false,"robots_max_snippet":"-1","robots_max_videopreview":"-1","robots_max_imagepreview":"large","priority":null,"frequency":"default","local_seo":null,"seo_analyzer_scan_date":"2025-08-14 21:01:00","breadcrumb_settings":null,"limit_modified_date":false,"open_ai":"{\"title\":{\"suggestions\":[],\"usage\":0},\"description\":{\"suggestions\":[],\"usage\":0}}","ai":{"faqs":[],"keyPoints":[],"titles":[],"descriptions":[],"socialPosts":{"email":[],"linkedin":[],"twitter":[],"facebook":[],"instagram":[]}},"created":"2025-07-23 11:58:06","updated":"2025-08-14 21:01:00"},"aioseo_breadcrumb":"<div class=\"aioseo-breadcrumbs\"><span class=\"aioseo-breadcrumb\">\n\t<a href=\"https:\/\/www.renz-recht.de\/fr\" title=\"Home\">Home<\/a>\n<\/span><span class=\"aioseo-breadcrumb-separator\">&raquo;<\/span><span class=\"aioseo-breadcrumb\">\n\t<a href=\"https:\/\/www.renz-recht.de\/fr\/categorie\/droit-des-marques\/\" title=\"Markenrecht\">Markenrecht<\/a>\n<\/span><span class=\"aioseo-breadcrumb-separator\">&raquo;<\/span><span class=\"aioseo-breadcrumb\">\n\tUnionsmarke anmelden \u2013 Umfassender Markenschutz in der gesamten EU\n<\/span><\/div>","aioseo_breadcrumb_json":[{"label":"Home","link":"https:\/\/www.renz-recht.de\/fr"},{"label":"Markenrecht","link":"https:\/\/www.renz-recht.de\/fr\/categorie\/droit-des-marques\/"},{"label":"Unionsmarke anmelden \u2013 Umfassender Markenschutz in der gesamten EU","link":"https:\/\/www.renz-recht.de\/fr\/droit-des-marques\/enregistrer-une-marque-de-lunion-europeenne\/"}],"_links":{"self":[{"href":"https:\/\/www.renz-recht.de\/fr\/wp-json\/wp\/v2\/posts\/3615","targetHints":{"allow":["GET"]}}],"collection":[{"href":"https:\/\/www.renz-recht.de\/fr\/wp-json\/wp\/v2\/posts"}],"about":[{"href":"https:\/\/www.renz-recht.de\/fr\/wp-json\/wp\/v2\/types\/post"}],"author":[{"embeddable":true,"href":"https:\/\/www.renz-recht.de\/fr\/wp-json\/wp\/v2\/users\/1"}],"replies":[{"embeddable":true,"href":"https:\/\/www.renz-recht.de\/fr\/wp-json\/wp\/v2\/comments?post=3615"}],"version-history":[{"count":4,"href":"https:\/\/www.renz-recht.de\/fr\/wp-json\/wp\/v2\/posts\/3615\/revisions"}],"predecessor-version":[{"id":3626,"href":"https:\/\/www.renz-recht.de\/fr\/wp-json\/wp\/v2\/posts\/3615\/revisions\/3626"}],"wp:featuredmedia":[{"embeddable":true,"href":"https:\/\/www.renz-recht.de\/fr\/wp-json\/wp\/v2\/media\/3625"}],"wp:attachment":[{"href":"https:\/\/www.renz-recht.de\/fr\/wp-json\/wp\/v2\/media?parent=3615"}],"wp:term":[{"taxonomy":"category","embeddable":true,"href":"https:\/\/www.renz-recht.de\/fr\/wp-json\/wp\/v2\/categories?post=3615"},{"taxonomy":"post_tag","embeddable":true,"href":"https:\/\/www.renz-recht.de\/fr\/wp-json\/wp\/v2\/tags?post=3615"}],"curies":[{"name":"wp","href":"https:\/\/api.w.org\/{rel}","templated":true}]}}