{"id":3513,"date":"2025-06-12T12:51:01","date_gmt":"2025-06-12T10:51:01","guid":{"rendered":"https:\/\/www.renz-recht.de\/?p=3513"},"modified":"2025-06-12T12:51:06","modified_gmt":"2025-06-12T10:51:06","slug":"protection-des-marques-en-suisse-enregistrez-votre-marque-legalement","status":"publish","type":"post","link":"https:\/\/www.renz-recht.de\/fr\/droit-des-marques\/protection-des-marques-en-suisse-enregistrez-votre-marque-legalement\/","title":{"rendered":"Protection des marques en Suisse \u2013 Enregistrez votre marque l\u00e9galement"},"content":{"rendered":"<p>[et_pb_section fb_built=&#8220;1&#8243; fullwidth=&#8220;on&#8220; _builder_version=&#8220;4.25.2&#8243; hover_enabled=&#8220;0&#8243; collapsed=&#8220;off&#8220; global_colors_info=&#8220;{}&#8220; sticky_enabled=&#8220;0&#8243;][et_pb_fullwidth_post_title author=&#8220;off&#8220; date_format=&#8220;j. F Y&#8220; featured_placement=&#8220;background&#8220; text_color=&#8220;light&#8220; admin_label=&#8220;Beitragsheader&#8220; module_class=&#8220;renz-subpage-header&#8220; _builder_version=&#8220;4.22.1&#8243; title_font_size=&#8220;60&#8243; title_line_height=&#8220;1.2em&#8220; meta_font_size=&#8220;18&#8243; hover_enabled=&#8220;0&#8243; title_font_size_tablet=&#8220;&#8220; title_font_size_phone=&#8220;27&#8243; title_font_size_last_edited=&#8220;on|phone&#8220; meta_font_size_tablet=&#8220;&#8220; meta_font_size_phone=&#8220;14&#8243; meta_font_size_last_edited=&#8220;on|phone&#8220; custom_css_after=&#8220;content:%22%22;||position:absolute;||top:0; right:0; bottom: 0; left:0;||background:rgba(0,0,0,0.7);||&#8220; global_colors_info=&#8220;{}&#8220; sticky_enabled=&#8220;0&#8243;][\/et_pb_fullwidth_post_title][\/et_pb_section][et_pb_section fb_built=&#8220;1&#8243; custom_padding_last_edited=&#8220;on|phone&#8220; admin_label=&#8220;Breadcrumb&#8220; _builder_version=&#8220;4.22.1&#8243; background_color=&#8220;#eeeeee&#8220; min_height=&#8220;112.2px&#8220; custom_padding=&#8220;16px||16px|&#8220; custom_padding_tablet=&#8220;&#8220; custom_padding_phone=&#8220;&#8220; hover_enabled=&#8220;0&#8243; global_module=&#8220;161&#8243; collapsed=&#8220;off&#8220; global_colors_info=&#8220;{}&#8220; sticky_enabled=&#8220;0&#8243;][et_pb_row _builder_version=&#8220;4.25.2&#8243; hover_enabled=&#8220;0&#8243; collapsed=&#8220;off&#8220; global_colors_info=&#8220;{}&#8220; admin_label=&#8220;Zeile&#8220; sticky_enabled=&#8220;0&#8243;][et_pb_column type=&#8220;4_4&#8243; _builder_version=&#8220;4.16&#8243; custom_padding=&#8220;|||&#8220; global_colors_info=&#8220;{}&#8220; custom_padding__hover=&#8220;|||&#8220;][\/et_pb_column][\/et_pb_row][\/et_pb_section][et_pb_section fb_built=&#8220;1&#8243; custom_padding_last_edited=&#8220;on|phone&#8220; _builder_version=&#8220;4.16&#8243; custom_padding=&#8220;90px||0px|&#8220; custom_padding_tablet=&#8220;9%||0px|&#8220; custom_padding_phone=&#8220;&#8220; hover_enabled=&#8220;0&#8243; collapsed=&#8220;off&#8220; global_colors_info=&#8220;{}&#8220; sticky_enabled=&#8220;0&#8243;][et_pb_row column_structure=&#8220;2_3,1_3&#8243; admin_label=&#8220;Zeile&#8220; _builder_version=&#8220;4.22.1&#8243; background_size=&#8220;initial&#8220; background_position=&#8220;top_left&#8220; background_repeat=&#8220;repeat&#8220; hover_enabled=&#8220;0&#8243; global_colors_info=&#8220;{}&#8220; sticky_enabled=&#8220;0&#8243;][et_pb_column type=&#8220;2_3&#8243; _builder_version=&#8220;4.22.1&#8243; custom_padding=&#8220;|||&#8220; global_colors_info=&#8220;{}&#8220; custom_padding__hover=&#8220;|||&#8220;][et_pb_blurb content_max_width=&#8220;100%&#8220; _builder_version=&#8220;4.25.2&#8243; header_level=&#8220;h2&#8243; header_font_size=&#8220;36&#8243; header_line_height=&#8220;1.3em&#8220; body_font_size=&#8220;16&#8243; body_line_height=&#8220;1.2em&#8220; custom_margin=&#8220;||0px|&#8220; custom_margin_tablet=&#8220;||6%|&#8220; custom_margin_phone=&#8220;&#8220; custom_margin_last_edited=&#8220;on|phone&#8220; custom_padding=&#8220;||0px||false|false&#8220; hover_enabled=&#8220;0&#8243; header_font_size_tablet=&#8220;&#8220; header_font_size_phone=&#8220;27&#8243; header_font_size_last_edited=&#8220;on|phone&#8220; z_index_tablet=&#8220;500&#8243; custom_css_blurb_title=&#8220;margin-bottom: 9px;&#8220; custom_css_blurb_content=&#8220;margin-bottom: 27px;&#8220; header_text_shadow_horizontal_length_tablet=&#8220;0px&#8220; header_text_shadow_vertical_length_tablet=&#8220;0px&#8220; header_text_shadow_blur_strength_tablet=&#8220;1px&#8220; body_text_shadow_horizontal_length_tablet=&#8220;0px&#8220; body_text_shadow_vertical_length_tablet=&#8220;0px&#8220; body_text_shadow_blur_strength_tablet=&#8220;1px&#8220; body_link_text_shadow_horizontal_length_tablet=&#8220;0px&#8220; body_link_text_shadow_vertical_length_tablet=&#8220;0px&#8220; body_link_text_shadow_blur_strength_tablet=&#8220;1px&#8220; body_ul_text_shadow_horizontal_length_tablet=&#8220;0px&#8220; body_ul_text_shadow_vertical_length_tablet=&#8220;0px&#8220; body_ul_text_shadow_blur_strength_tablet=&#8220;1px&#8220; body_ol_text_shadow_horizontal_length_tablet=&#8220;0px&#8220; body_ol_text_shadow_vertical_length_tablet=&#8220;0px&#8220; body_ol_text_shadow_blur_strength_tablet=&#8220;1px&#8220; body_quote_text_shadow_horizontal_length_tablet=&#8220;0px&#8220; body_quote_text_shadow_vertical_length_tablet=&#8220;0px&#8220; body_quote_text_shadow_blur_strength_tablet=&#8220;1px&#8220; box_shadow_horizontal_tablet=&#8220;0px&#8220; box_shadow_vertical_tablet=&#8220;0px&#8220; box_shadow_blur_tablet=&#8220;40px&#8220; box_shadow_spread_tablet=&#8220;0px&#8220; box_shadow_horizontal_image_tablet=&#8220;0px&#8220; box_shadow_vertical_image_tablet=&#8220;0px&#8220; box_shadow_blur_image_tablet=&#8220;40px&#8220; box_shadow_spread_image_tablet=&#8220;0px&#8220; text_shadow_horizontal_length_tablet=&#8220;0px&#8220; text_shadow_vertical_length_tablet=&#8220;0px&#8220; text_shadow_blur_strength_tablet=&#8220;1px&#8220; global_module=&#8220;202&#8243; saved_tabs=&#8220;all&#8220; global_colors_info=&#8220;{}&#8220; sticky_enabled=&#8220;0&#8243; admin_label=&#8220;1. Abmahnung durch Contur&#8220;]<\/p>\n<h2 data-start=\"61\" data-end=\"131\">Protection des marques en Suisse \u2013 Enregistrez votre marque l\u00e9galement<\/h2>\n<p data-start=\"188\" data-end=\"471\">Quel que soit le si\u00e8ge de votre entreprise, vous pouvez enregistrer et prot\u00e9ger votre marque en Suisse. L&#039;enregistrement s&#039;effectue aupr\u00e8s de l&#039;Institut f\u00e9d\u00e9ral de la propri\u00e9t\u00e9 intellectuelle (IGE) \u00e0 Berne, interlocuteur central pour la protection des marques en Suisse.<\/p>\n<p data-start=\"473\" data-end=\"745\" data-is-last-node=\"\" data-is-only-node=\"\">En tant que conseil en marques exp\u00e9riment\u00e9, je vous accompagne personnellement dans l&#039;enregistrement de votre marque aupr\u00e8s de l&#039;IPI et veille \u00e0 ce que sa protection soit juridiquement s\u00fbre et durable. Contactez-moi d\u00e8s maintenant pour une protection professionnelle de votre marque en Suisse.<\/p>\n<p>[\/et_pb_blurb][et_pb_blurb content_max_width=&#8220;100%&#8220; _builder_version=&#8220;4.25.2&#8243; header_level=&#8220;h2&#8243; header_font_size=&#8220;36&#8243; header_line_height=&#8220;1.3em&#8220; body_font_size=&#8220;16&#8243; body_line_height=&#8220;1.2em&#8220; custom_margin=&#8220;||0px|&#8220; custom_margin_tablet=&#8220;||6%|&#8220; custom_margin_phone=&#8220;&#8220; custom_margin_last_edited=&#8220;on|phone&#8220; custom_padding=&#8220;||0px||false|false&#8220; hover_enabled=&#8220;0&#8243; header_font_size_tablet=&#8220;&#8220; header_font_size_phone=&#8220;27&#8243; header_font_size_last_edited=&#8220;on|phone&#8220; z_index_tablet=&#8220;500&#8243; custom_css_blurb_title=&#8220;margin-bottom: 9px;&#8220; custom_css_blurb_content=&#8220;margin-bottom: 27px;&#8220; header_text_shadow_horizontal_length_tablet=&#8220;0px&#8220; header_text_shadow_vertical_length_tablet=&#8220;0px&#8220; header_text_shadow_blur_strength_tablet=&#8220;1px&#8220; body_text_shadow_horizontal_length_tablet=&#8220;0px&#8220; body_text_shadow_vertical_length_tablet=&#8220;0px&#8220; body_text_shadow_blur_strength_tablet=&#8220;1px&#8220; body_link_text_shadow_horizontal_length_tablet=&#8220;0px&#8220; body_link_text_shadow_vertical_length_tablet=&#8220;0px&#8220; body_link_text_shadow_blur_strength_tablet=&#8220;1px&#8220; body_ul_text_shadow_horizontal_length_tablet=&#8220;0px&#8220; body_ul_text_shadow_vertical_length_tablet=&#8220;0px&#8220; body_ul_text_shadow_blur_strength_tablet=&#8220;1px&#8220; body_ol_text_shadow_horizontal_length_tablet=&#8220;0px&#8220; body_ol_text_shadow_vertical_length_tablet=&#8220;0px&#8220; body_ol_text_shadow_blur_strength_tablet=&#8220;1px&#8220; body_quote_text_shadow_horizontal_length_tablet=&#8220;0px&#8220; body_quote_text_shadow_vertical_length_tablet=&#8220;0px&#8220; body_quote_text_shadow_blur_strength_tablet=&#8220;1px&#8220; box_shadow_horizontal_tablet=&#8220;0px&#8220; box_shadow_vertical_tablet=&#8220;0px&#8220; box_shadow_blur_tablet=&#8220;40px&#8220; box_shadow_spread_tablet=&#8220;0px&#8220; box_shadow_horizontal_image_tablet=&#8220;0px&#8220; box_shadow_vertical_image_tablet=&#8220;0px&#8220; box_shadow_blur_image_tablet=&#8220;40px&#8220; box_shadow_spread_image_tablet=&#8220;0px&#8220; text_shadow_horizontal_length_tablet=&#8220;0px&#8220; text_shadow_vertical_length_tablet=&#8220;0px&#8220; text_shadow_blur_strength_tablet=&#8220;1px&#8220; global_module=&#8220;202&#8243; saved_tabs=&#8220;all&#8220; global_colors_info=&#8220;{}&#8220; sticky_enabled=&#8220;0&#8243; title=&#8220;Eintragungsverfahren f\u00fcr eine Schweizer Marke beim IGE \u2013 Schritt f\u00fcr Schritt zum Markenschutz&#8220; admin_label=&#8220;1. Abmahnung durch Contur&#8220;]<\/p>\n<p data-start=\"187\" data-end=\"474\">L&#039;enregistrement d&#039;une marque suisse s&#039;effectue aupr\u00e8s de l&#039;Organisation Mondiale de la Propri\u00e9t\u00e9 Intellectuelle (OMPI), dont le si\u00e8ge est \u00e0 Gen\u00e8ve. Il repose sur l&#039;enregistrement international d&#039;une marque dite de base au titre de l&#039;Arrangement de Madrid (AMD) ou du Protocole \u00e0 l&#039;Arrangement de Madrid (PAM).<\/p>\n<p data-start=\"476\" data-end=\"718\">Cela permet d&#039;\u00e9tendre la protection d&#039;une marque d\u00e9j\u00e0 enregistr\u00e9e \u00e0 la Suisse. La marque de base est enregistr\u00e9e aupr\u00e8s de l&#039;Institut f\u00e9d\u00e9ral de la propri\u00e9t\u00e9 intellectuelle (IGE), cr\u00e9ant ainsi une marque suisse officielle.<\/p>\n<p data-start=\"720\" data-end=\"776\"><strong data-start=\"720\" data-end=\"776\">Conditions d&#039;enregistrement international :<\/strong><\/p>\n<p data-start=\"778\" data-end=\"1256\">L&#039;enregistrement international d&#039;une marque aupr\u00e8s de l&#039;OMPI est possible si le pays d&#039;origine de la marque de base et la Suisse sont tous deux membres de la MMA ou de la PMMA. Ceci s&#039;applique aux marques allemandes et aux marques de l&#039;Union europ\u00e9enne, l&#039;Allemagne et l&#039;Union europ\u00e9enne ayant adh\u00e9r\u00e9 au protocole. Cette voie est \u00e9galement ouverte \u00e0 de nombreux autres pays. Vous trouverez un aper\u00e7u des \u00c9tats membres concern\u00e9s dans ma compilation des demandes d&#039;enregistrement international de marques.<\/p>\n<p data-start=\"1258\" data-end=\"1386\">L&#039;enregistrement d&#039;une marque suisse commence aupr\u00e8s de l&#039;office des marques du pays d&#039;origine de votre marque de base. Concr\u00e8tement, cela signifie\u00a0:<\/p>\n<ul data-start=\"1388\" data-end=\"1600\">\n<li data-start=\"1388\" data-end=\"1485\">\n<p data-start=\"1390\" data-end=\"1485\">Pour une marque de base allemande, l&#039;enregistrement est effectu\u00e9 aupr\u00e8s de l&#039;Office allemand des brevets et des marques (DPMA).<\/p>\n<\/li>\n<li data-start=\"1486\" data-end=\"1600\">\n<p data-start=\"1488\" data-end=\"1600\">L&#039;Office de l&#039;Union europ\u00e9enne pour la propri\u00e9t\u00e9 intellectuelle (EUIPO) est responsable d&#039;une marque de l&#039;Union en tant que marque de base.<\/p>\n<\/li>\n<\/ul>\n<p data-start=\"1602\" data-end=\"1940\">Apr\u00e8s l&#039;examen initial par l&#039;office comp\u00e9tent, votre demande sera transmise \u00e0 l&#039;OMPI pour un examen plus approfondi. Elle sera ensuite soumise \u00e0 l&#039;Office suisse des marques (IGE), o\u00f9 elle subira un examen final. Ce n&#039;est qu&#039;\u00e0 ce moment-l\u00e0 qu&#039;une d\u00e9cision d\u00e9finitive sera prise concernant l&#039;enregistrement de votre marque en Suisse.<\/p>\n<p data-start=\"2007\" data-end=\"2236\" data-is-last-node=\"\" data-is-only-node=\"\">En tant que conseil en marques, je vous accompagne tout au long du processus, du d\u00e9p\u00f4t \u00e0 l&#039;enregistrement de votre marque au registre suisse des marques. R\u00e9servez d\u00e8s maintenant votre consultation personnalis\u00e9e sur l&#039;enregistrement de votre marque en Suisse\u00a0!<\/p>\n<p>[\/et_pb_blurb][et_pb_blurb content_max_width=&#8220;100%&#8220; _builder_version=&#8220;4.25.2&#8243; header_level=&#8220;h2&#8243; header_font_size=&#8220;36&#8243; header_line_height=&#8220;1.3em&#8220; body_font_size=&#8220;16&#8243; body_line_height=&#8220;1.2em&#8220; custom_margin=&#8220;||0px|&#8220; custom_margin_tablet=&#8220;||6%|&#8220; custom_margin_phone=&#8220;&#8220; custom_margin_last_edited=&#8220;on|phone&#8220; custom_padding=&#8220;||0px||false|false&#8220; hover_enabled=&#8220;0&#8243; header_font_size_tablet=&#8220;&#8220; header_font_size_phone=&#8220;27&#8243; header_font_size_last_edited=&#8220;on|phone&#8220; z_index_tablet=&#8220;500&#8243; custom_css_blurb_title=&#8220;margin-bottom: 9px;&#8220; custom_css_blurb_content=&#8220;margin-bottom: 27px;&#8220; header_text_shadow_horizontal_length_tablet=&#8220;0px&#8220; header_text_shadow_vertical_length_tablet=&#8220;0px&#8220; header_text_shadow_blur_strength_tablet=&#8220;1px&#8220; body_text_shadow_horizontal_length_tablet=&#8220;0px&#8220; body_text_shadow_vertical_length_tablet=&#8220;0px&#8220; body_text_shadow_blur_strength_tablet=&#8220;1px&#8220; body_link_text_shadow_horizontal_length_tablet=&#8220;0px&#8220; body_link_text_shadow_vertical_length_tablet=&#8220;0px&#8220; body_link_text_shadow_blur_strength_tablet=&#8220;1px&#8220; body_ul_text_shadow_horizontal_length_tablet=&#8220;0px&#8220; body_ul_text_shadow_vertical_length_tablet=&#8220;0px&#8220; body_ul_text_shadow_blur_strength_tablet=&#8220;1px&#8220; body_ol_text_shadow_horizontal_length_tablet=&#8220;0px&#8220; body_ol_text_shadow_vertical_length_tablet=&#8220;0px&#8220; body_ol_text_shadow_blur_strength_tablet=&#8220;1px&#8220; body_quote_text_shadow_horizontal_length_tablet=&#8220;0px&#8220; body_quote_text_shadow_vertical_length_tablet=&#8220;0px&#8220; body_quote_text_shadow_blur_strength_tablet=&#8220;1px&#8220; box_shadow_horizontal_tablet=&#8220;0px&#8220; box_shadow_vertical_tablet=&#8220;0px&#8220; box_shadow_blur_tablet=&#8220;40px&#8220; box_shadow_spread_tablet=&#8220;0px&#8220; box_shadow_horizontal_image_tablet=&#8220;0px&#8220; box_shadow_vertical_image_tablet=&#8220;0px&#8220; box_shadow_blur_image_tablet=&#8220;40px&#8220; box_shadow_spread_image_tablet=&#8220;0px&#8220; text_shadow_horizontal_length_tablet=&#8220;0px&#8220; text_shadow_vertical_length_tablet=&#8220;0px&#8220; text_shadow_blur_strength_tablet=&#8220;1px&#8220; global_module=&#8220;202&#8243; saved_tabs=&#8220;all&#8220; global_colors_info=&#8220;{}&#8220; sticky_enabled=&#8220;0&#8243; title=&#8220;Kollisionsrecherche vor der Markenanmeldung in der Schweiz \u2013 Teure Fehler vermeiden&#8220; admin_label=&#8220;1. Abmahnung durch Contur&#8220;]<\/p>\n<p data-start=\"156\" data-end=\"609\">L&#039;enregistrement d&#039;une marque aupr\u00e8s de l&#039;Institut f\u00e9d\u00e9ral de la propri\u00e9t\u00e9 intellectuelle (IGE) ne peut aboutir que s&#039;il n&#039;existe pas de pr\u00e9tendues <em data-start=\"291\" data-end=\"320\">barri\u00e8res absolues \u00e0 la protection<\/em> En tant qu&#039;avocat, j&#039;examine attentivement au pr\u00e9alable si de tels obstacles existent \u2013 par exemple, si la marque manque du caract\u00e8re distinctif n\u00e9cessaire ou est trop descriptive pour \u00eatre consid\u00e9r\u00e9e comme \u00e9ligible \u00e0 la protection. Les all\u00e9gations de tromperie peuvent \u00e9galement entra\u00eener le rejet de la demande.<\/p>\n<p data-start=\"611\" data-end=\"659\"><strong data-start=\"611\" data-end=\"659\">Pourquoi une recherche de collision est n\u00e9cessaire<\/strong><\/p>\n<ul data-start=\"661\" data-end=\"1163\">\n<li data-start=\"661\" data-end=\"811\">\n<p data-start=\"663\" data-end=\"811\">Une recherche minutieuse de marque avant l&#039;enregistrement est essentielle pour \u00e9viter le risque de collision avec des marques d\u00e9j\u00e0 enregistr\u00e9es.<\/p>\n<\/li>\n<li data-start=\"812\" data-end=\"978\">\n<p data-start=\"814\" data-end=\"978\">Avec une recherche de collision professionnelle, je v\u00e9rifie s&#039;il existe d\u00e9j\u00e0 des marques identiques ou similaires qui pourraient \u00eatre confondues avec votre nouvelle marque.<\/p>\n<\/li>\n<li data-start=\"979\" data-end=\"1163\">\n<p data-start=\"981\" data-end=\"1163\">Si un tel risque de confusion n\u2019est pas reconnu, le titulaire d\u2019une marque ant\u00e9rieure en Suisse peut former opposition contre votre demande ou intenter une action en annulation.<\/p>\n<\/li>\n<\/ul>\n<p data-start=\"1165\" data-end=\"1208\"><strong data-start=\"1165\" data-end=\"1208\">R\u00e9duisez les co\u00fbts gr\u00e2ce \u00e0 la recherche sur les collisions<\/strong><\/p>\n<ul data-start=\"1210\" data-end=\"1515\">\n<li data-start=\"1210\" data-end=\"1341\">\n<p data-start=\"1212\" data-end=\"1341\">La r\u00e9alisation d\u2019une recherche de conflit est nettement plus rentable que des proc\u00e9dures ult\u00e9rieures d\u2019opposition ou d\u2019annulation.<\/p>\n<\/li>\n<li data-start=\"1342\" data-end=\"1515\">\n<p data-start=\"1344\" data-end=\"1515\">Un examen pr\u00e9coce et approfondi peut \u00e9viter des litiges juridiques \u2013 et votre demande de marque sera d\u00e9pos\u00e9e sur une base solide.<\/p>\n<\/li>\n<\/ul>\n<p>[\/et_pb_blurb][et_pb_blurb content_max_width=&#8220;100%&#8220; _builder_version=&#8220;4.25.2&#8243; header_level=&#8220;h2&#8243; header_font_size=&#8220;36&#8243; header_line_height=&#8220;1.3em&#8220; body_font_size=&#8220;16&#8243; body_line_height=&#8220;1.2em&#8220; custom_margin=&#8220;||0px|&#8220; custom_margin_tablet=&#8220;||6%|&#8220; custom_margin_phone=&#8220;&#8220; custom_margin_last_edited=&#8220;on|phone&#8220; custom_padding=&#8220;||0px||false|false&#8220; hover_enabled=&#8220;0&#8243; header_font_size_tablet=&#8220;&#8220; header_font_size_phone=&#8220;27&#8243; header_font_size_last_edited=&#8220;on|phone&#8220; z_index_tablet=&#8220;500&#8243; custom_css_blurb_title=&#8220;margin-bottom: 9px;&#8220; custom_css_blurb_content=&#8220;margin-bottom: 27px;&#8220; header_text_shadow_horizontal_length_tablet=&#8220;0px&#8220; header_text_shadow_vertical_length_tablet=&#8220;0px&#8220; header_text_shadow_blur_strength_tablet=&#8220;1px&#8220; body_text_shadow_horizontal_length_tablet=&#8220;0px&#8220; body_text_shadow_vertical_length_tablet=&#8220;0px&#8220; body_text_shadow_blur_strength_tablet=&#8220;1px&#8220; body_link_text_shadow_horizontal_length_tablet=&#8220;0px&#8220; body_link_text_shadow_vertical_length_tablet=&#8220;0px&#8220; body_link_text_shadow_blur_strength_tablet=&#8220;1px&#8220; body_ul_text_shadow_horizontal_length_tablet=&#8220;0px&#8220; body_ul_text_shadow_vertical_length_tablet=&#8220;0px&#8220; body_ul_text_shadow_blur_strength_tablet=&#8220;1px&#8220; body_ol_text_shadow_horizontal_length_tablet=&#8220;0px&#8220; body_ol_text_shadow_vertical_length_tablet=&#8220;0px&#8220; body_ol_text_shadow_blur_strength_tablet=&#8220;1px&#8220; body_quote_text_shadow_horizontal_length_tablet=&#8220;0px&#8220; body_quote_text_shadow_vertical_length_tablet=&#8220;0px&#8220; body_quote_text_shadow_blur_strength_tablet=&#8220;1px&#8220; box_shadow_horizontal_tablet=&#8220;0px&#8220; box_shadow_vertical_tablet=&#8220;0px&#8220; box_shadow_blur_tablet=&#8220;40px&#8220; box_shadow_spread_tablet=&#8220;0px&#8220; box_shadow_horizontal_image_tablet=&#8220;0px&#8220; box_shadow_vertical_image_tablet=&#8220;0px&#8220; box_shadow_blur_image_tablet=&#8220;40px&#8220; box_shadow_spread_image_tablet=&#8220;0px&#8220; text_shadow_horizontal_length_tablet=&#8220;0px&#8220; text_shadow_vertical_length_tablet=&#8220;0px&#8220; text_shadow_blur_strength_tablet=&#8220;1px&#8220; global_module=&#8220;202&#8243; saved_tabs=&#8220;all&#8220; global_colors_info=&#8220;{}&#8220; sticky_enabled=&#8220;0&#8243; title=&#8220;Geb\u00fchren bei der Markenanmeldung in der Schweiz \u2013 Das sollten Sie wissen&#8220; admin_label=&#8220;1. Abmahnung durch Contur&#8220;]<\/p>\n<p data-start=\"177\" data-end=\"433\">L&#039;enregistrement d&#039;une marque en Suisse entra\u00eene divers frais. Ceux-ci d\u00e9pendent principalement du nombre de classes de Nice et du type de marque. Voici un aper\u00e7u des principaux co\u00fbts\u00a0:<\/p>\n<p data-start=\"435\" data-end=\"457\"><strong data-start=\"435\" data-end=\"457\">Frais en d\u00e9tail<\/strong><\/p>\n<ul data-start=\"459\" data-end=\"938\">\n<li data-start=\"459\" data-end=\"575\">\n<p data-start=\"461\" data-end=\"575\"><strong data-start=\"461\" data-end=\"478\">Frais DPMA<\/strong> (pour la marque de base) :<br data-start=\"500\" data-end=\"503\" \/>180,00 EUR pour une marque allemande<br data-start=\"541\" data-end=\"544\" \/>300,00 EUR pour une marque de l&#039;UE<\/p>\n<\/li>\n<li data-start=\"577\" data-end=\"732\">\n<p data-start=\"579\" data-end=\"732\"><strong data-start=\"579\" data-end=\"596\">taxes de l&#039;OMPI<\/strong> (Taxe de base de l&#039;Organisation mondiale de la propri\u00e9t\u00e9 intellectuelle) :<br data-start=\"655\" data-end=\"658\" \/>653,00 CHF pour un timbre noir et blanc<br data-start=\"698\" data-end=\"701\" \/>903,00 CHF pour un timbre d&#039;une couleur<\/p>\n<\/li>\n<li data-start=\"734\" data-end=\"938\">\n<p data-start=\"736\" data-end=\"938\"><strong data-start=\"736\" data-end=\"752\">Frais IGE<\/strong> (Tarifs de l&#039;Institut F\u00e9d\u00e9ral de la Propri\u00e9t\u00e9 Intellectuelle en Suisse) :<br data-start=\"832\" data-end=\"835\" \/>100,00 CHF pour un maximum de trois cours \u00e0 Nice<br data-start=\"876\" data-end=\"879\" \/>100,00 CHF pour chaque cours suppl\u00e9mentaire \u00e0 partir du quatri\u00e8me<\/p>\n<\/li>\n<\/ul>\n<p data-start=\"940\" data-end=\"966\"><strong data-start=\"940\" data-end=\"966\">Que sont les cours Nice ?<\/strong><\/p>\n<p data-start=\"968\" data-end=\"1366\">Lors de l&#039;enregistrement d&#039;une marque, vous devez pr\u00e9ciser les produits ou services pour lesquels votre marque doit \u00eatre prot\u00e9g\u00e9e. Celles-ci sont divis\u00e9es en classes de Nice, soit 45 classes au total. Les frais d\u00e9pendent du nombre de classes incluses dans votre demande. Peu importe qu&#039;il s&#039;agisse d&#039;une marque verbale, figurative, tridimensionnelle ou de couleur.<\/p>\n<p data-start=\"1368\" data-end=\"1407\"><strong data-start=\"1368\" data-end=\"1407\">Renouvellement de la marque apr\u00e8s dix ans<\/strong><\/p>\n<p data-start=\"1409\" data-end=\"1545\">En Suisse, la protection des marques est initialement valable dix ans et renouvelable aussi souvent que souhait\u00e9. Les frais suivants s&#039;appliquent\u00a0:<\/p>\n<ul data-start=\"1547\" data-end=\"1677\">\n<li data-start=\"1547\" data-end=\"1594\">\n<p data-start=\"1549\" data-end=\"1594\">100,00 CHF pour les trois premiers cours de Nice<\/p>\n<\/li>\n<li data-start=\"1595\" data-end=\"1642\">\n<p data-start=\"1597\" data-end=\"1642\">100.00 CHF pour chaque cours suppl\u00e9mentaire \u00e0 partir du quatri\u00e8me<\/p>\n<\/li>\n<li data-start=\"1643\" data-end=\"1677\">\n<p data-start=\"1645\" data-end=\"1677\">En outre : la taxe de base de l&#039;OMPI<\/p>\n<\/li>\n<\/ul>\n<p data-start=\"1740\" data-end=\"2079\" data-is-last-node=\"\" data-is-only-node=\"\">En tant que conseil en marques, je vous accompagne dans l&#039;enregistrement de votre marque de mani\u00e8re efficace et transparente. Je veille au respect des d\u00e9lais et des frais afin que votre marque soit prot\u00e9g\u00e9e \u00e0 long terme. N&#039;h\u00e9sitez pas \u00e0 me contacter pour un conseil personnalis\u00e9 sur l&#039;enregistrement de votre marque en Suisse.<\/p>\n<p>[\/et_pb_blurb][et_pb_blurb content_max_width=&#8220;100%&#8220; _builder_version=&#8220;4.25.2&#8243; header_level=&#8220;h2&#8243; header_font_size=&#8220;36&#8243; header_line_height=&#8220;1.3em&#8220; body_font_size=&#8220;16&#8243; body_line_height=&#8220;1.2em&#8220; custom_margin=&#8220;||0px|&#8220; custom_margin_tablet=&#8220;||6%|&#8220; custom_margin_phone=&#8220;&#8220; custom_margin_last_edited=&#8220;on|phone&#8220; custom_padding=&#8220;||0px||false|false&#8220; hover_enabled=&#8220;0&#8243; header_font_size_tablet=&#8220;&#8220; header_font_size_phone=&#8220;27&#8243; header_font_size_last_edited=&#8220;on|phone&#8220; z_index_tablet=&#8220;500&#8243; custom_css_blurb_title=&#8220;margin-bottom: 9px;&#8220; custom_css_blurb_content=&#8220;margin-bottom: 27px;&#8220; header_text_shadow_horizontal_length_tablet=&#8220;0px&#8220; header_text_shadow_vertical_length_tablet=&#8220;0px&#8220; header_text_shadow_blur_strength_tablet=&#8220;1px&#8220; body_text_shadow_horizontal_length_tablet=&#8220;0px&#8220; body_text_shadow_vertical_length_tablet=&#8220;0px&#8220; body_text_shadow_blur_strength_tablet=&#8220;1px&#8220; body_link_text_shadow_horizontal_length_tablet=&#8220;0px&#8220; body_link_text_shadow_vertical_length_tablet=&#8220;0px&#8220; body_link_text_shadow_blur_strength_tablet=&#8220;1px&#8220; body_ul_text_shadow_horizontal_length_tablet=&#8220;0px&#8220; body_ul_text_shadow_vertical_length_tablet=&#8220;0px&#8220; body_ul_text_shadow_blur_strength_tablet=&#8220;1px&#8220; body_ol_text_shadow_horizontal_length_tablet=&#8220;0px&#8220; body_ol_text_shadow_vertical_length_tablet=&#8220;0px&#8220; body_ol_text_shadow_blur_strength_tablet=&#8220;1px&#8220; body_quote_text_shadow_horizontal_length_tablet=&#8220;0px&#8220; body_quote_text_shadow_vertical_length_tablet=&#8220;0px&#8220; body_quote_text_shadow_blur_strength_tablet=&#8220;1px&#8220; box_shadow_horizontal_tablet=&#8220;0px&#8220; box_shadow_vertical_tablet=&#8220;0px&#8220; box_shadow_blur_tablet=&#8220;40px&#8220; box_shadow_spread_tablet=&#8220;0px&#8220; box_shadow_horizontal_image_tablet=&#8220;0px&#8220; box_shadow_vertical_image_tablet=&#8220;0px&#8220; box_shadow_blur_image_tablet=&#8220;40px&#8220; box_shadow_spread_image_tablet=&#8220;0px&#8220; text_shadow_horizontal_length_tablet=&#8220;0px&#8220; text_shadow_vertical_length_tablet=&#8220;0px&#8220; text_shadow_blur_strength_tablet=&#8220;1px&#8220; global_module=&#8220;202&#8243; saved_tabs=&#8220;all&#8220; global_colors_info=&#8220;{}&#8220; sticky_enabled=&#8220;0&#8243; title=&#8220;Benutzungsschonfrist nach der Eintragung einer Marke in der Schweiz \u2013 Das sollten Sie wissen&#8220; admin_label=&#8220;1. Abmahnung durch Contur&#8220;]<\/p>\n<p data-start=\"205\" data-end=\"451\">Apr\u00e8s l&#039;enregistrement d&#039;une marque en Suisse, un d\u00e9lai de gr\u00e2ce de cinq ans s&#039;applique. Durant cette p\u00e9riode, la marque doit \u00eatre effectivement utilis\u00e9e dans des transactions commerciales pour conserver sa protection.<\/p>\n<p data-start=\"453\" data-end=\"601\">Si la marque n\u2019est pas utilis\u00e9e de mani\u00e8re \u00e0 pr\u00e9server ses droits, un tiers peut d\u00e9poser une demande d\u2019annulation \u2013 et vos droits de marque en Suisse pourraient expirer.<\/p>\n<p data-start=\"603\" data-end=\"929\">Le d\u00e9lai de gr\u00e2ce sert \u00e0 se prot\u00e9ger contre les marques dites \u00ab d\u00e9fensives \u00bb, c&#039;est-\u00e0-dire les marques enregistr\u00e9es uniquement pour emp\u00eacher l&#039;utilisation de signes similaires. Il est donc important d&#039;utiliser activement votre marque, par exemple en vendant des produits ou en proposant des services sous son nom.<\/p>\n<p>[\/et_pb_blurb][et_pb_blurb content_max_width=&#8220;100%&#8220; _builder_version=&#8220;4.25.2&#8243; header_level=&#8220;h2&#8243; header_font_size=&#8220;36&#8243; header_line_height=&#8220;1.3em&#8220; body_font_size=&#8220;16&#8243; body_line_height=&#8220;1.2em&#8220; custom_margin=&#8220;||0px|&#8220; custom_margin_tablet=&#8220;||6%|&#8220; custom_margin_phone=&#8220;&#8220; custom_margin_last_edited=&#8220;on|phone&#8220; custom_padding=&#8220;||0px||false|false&#8220; hover_enabled=&#8220;0&#8243; header_font_size_tablet=&#8220;&#8220; header_font_size_phone=&#8220;27&#8243; header_font_size_last_edited=&#8220;on|phone&#8220; z_index_tablet=&#8220;500&#8243; custom_css_blurb_title=&#8220;margin-bottom: 9px;&#8220; custom_css_blurb_content=&#8220;margin-bottom: 27px;&#8220; header_text_shadow_horizontal_length_tablet=&#8220;0px&#8220; header_text_shadow_vertical_length_tablet=&#8220;0px&#8220; header_text_shadow_blur_strength_tablet=&#8220;1px&#8220; body_text_shadow_horizontal_length_tablet=&#8220;0px&#8220; body_text_shadow_vertical_length_tablet=&#8220;0px&#8220; body_text_shadow_blur_strength_tablet=&#8220;1px&#8220; body_link_text_shadow_horizontal_length_tablet=&#8220;0px&#8220; body_link_text_shadow_vertical_length_tablet=&#8220;0px&#8220; body_link_text_shadow_blur_strength_tablet=&#8220;1px&#8220; body_ul_text_shadow_horizontal_length_tablet=&#8220;0px&#8220; body_ul_text_shadow_vertical_length_tablet=&#8220;0px&#8220; body_ul_text_shadow_blur_strength_tablet=&#8220;1px&#8220; body_ol_text_shadow_horizontal_length_tablet=&#8220;0px&#8220; body_ol_text_shadow_vertical_length_tablet=&#8220;0px&#8220; body_ol_text_shadow_blur_strength_tablet=&#8220;1px&#8220; body_quote_text_shadow_horizontal_length_tablet=&#8220;0px&#8220; body_quote_text_shadow_vertical_length_tablet=&#8220;0px&#8220; body_quote_text_shadow_blur_strength_tablet=&#8220;1px&#8220; box_shadow_horizontal_tablet=&#8220;0px&#8220; box_shadow_vertical_tablet=&#8220;0px&#8220; box_shadow_blur_tablet=&#8220;40px&#8220; box_shadow_spread_tablet=&#8220;0px&#8220; box_shadow_horizontal_image_tablet=&#8220;0px&#8220; box_shadow_vertical_image_tablet=&#8220;0px&#8220; box_shadow_blur_image_tablet=&#8220;40px&#8220; box_shadow_spread_image_tablet=&#8220;0px&#8220; text_shadow_horizontal_length_tablet=&#8220;0px&#8220; text_shadow_vertical_length_tablet=&#8220;0px&#8220; text_shadow_blur_strength_tablet=&#8220;1px&#8220; global_module=&#8220;202&#8243; saved_tabs=&#8220;all&#8220; global_colors_info=&#8220;{}&#8220; sticky_enabled=&#8220;0&#8243; title=&#8220;Was kann ich f\u00fcr Sie tun? \u2013 Professionelle Unterst\u00fctzung bei der Markenanmeldung in der Schweiz&#8220; admin_label=&#8220;1. Abmahnung durch Contur&#8220;]<\/p>\n<article class=\"text-token-text-primary w-full\" dir=\"auto\" data-testid=\"conversation-turn-12\" data-scroll-anchor=\"true\">\n<div class=\"text-base my-auto mx-auto py-5 [--thread-content-margin:--spacing(4)] @[37rem]:[--thread-content-margin:--spacing(6)] @[72rem]:[--thread-content-margin:--spacing(16)] px-(--thread-content-margin)\">\n<div class=\"[--thread-content-max-width:32rem] @[34rem]:[--thread-content-max-width:40rem] @[64rem]:[--thread-content-max-width:48rem] mx-auto flex max-w-(--thread-content-max-width) flex-1 text-base gap-4 md:gap-5 lg:gap-6 group\/turn-messages focus-visible:outline-hidden\" tabindex=\"-1\">\n<div class=\"group\/conversation-turn relative flex w-full min-w-0 flex-col agent-turn\">\n<div class=\"relative flex-col gap-1 md:gap-3\">\n<div class=\"flex max-w-full flex-col grow\">\n<div class=\"min-h-8 text-message relative flex w-full flex-col items-end gap-2 text-start break-words whitespace-normal [.text-message+&amp;]:mt-5\" dir=\"auto\" data-message-author-role=\"assistant\" data-message-id=\"bbaa92f1-b2ef-4bae-a520-86075500cfa0\" data-message-model-slug=\"gpt-4o\">\n<div class=\"flex w-full flex-col gap-1 empty:hidden first:pt-[3px]\">\n<div class=\"markdown prose dark:prose-invert w-full break-words light\">\n<p data-start=\"210\" data-end=\"349\">Vous souhaitez enregistrer une marque en Suisse\u00a0? Je me ferai un plaisir de vous accompagner dans cette \u00e9tape importante, avec comp\u00e9tence, efficacit\u00e9 et transparence.<\/p>\n<p data-start=\"351\" data-end=\"517\">Je propose des honoraires fixes et \u00e9quitables pour ma premi\u00e8re consultation. Ces honoraires seront bien s\u00fbr d\u00e9duits de vos honoraires si vous me recontactez ult\u00e9rieurement.<\/p>\n<p data-start=\"519\" data-end=\"556\">Lors de la consultation, nous clarifierons ensemble :<\/p>\n<ul data-start=\"558\" data-end=\"686\">\n<li data-start=\"558\" data-end=\"619\">\n<p data-start=\"560\" data-end=\"619\">Quelles sont les chances de succ\u00e8s de votre demande de marque<\/p>\n<\/li>\n<li data-start=\"620\" data-end=\"686\">\n<p data-start=\"622\" data-end=\"686\">Quels sont les co\u00fbts auxquels vous devez vous attendre tout au long du processus d&#039;inscription ?<\/p>\n<\/li>\n<\/ul>\n<p data-start=\"688\" data-end=\"818\" data-is-last-node=\"\" data-is-only-node=\"\">Mon objectif est d\u2019enregistrer votre marque en Suisse de mani\u00e8re conforme \u00e0 la loi \u2013 et de rendre le processus aussi simple que possible pour vous.<\/p>\n<\/div>\n<\/div>\n<\/div>\n<\/div>\n<div class=\"flex min-h-[46px] justify-start\">\n<div class=\"touch:-me-2 touch:-ms-3.5 -ms-2.5 -me-1 flex items-center p-1 select-none -mt-1 w-full duration-[1.5s] focus-within:transition-none hover:transition-none pointer-events-none [mask-image:linear-gradient(to_right,black_33%,transparent_66%)] [mask-size:300%_100%] [mask-position:100%_0%] motion-safe:transition-[mask-position] group-hover\/turn-messages:pointer-events-auto group-hover\/turn-messages:[mask-position:0_0] group-focus-within\/turn-messages:pointer-events-auto group-focus-within\/turn-messages:[mask-position:0_0] has-data-[state=open]:pointer-events-auto has-data-[state=open]:[mask-position:0_0]\">\n<div class=\"flex items-center\">\u00a0<\/div>\n<\/div>\n<\/div>\n<div class=\"mt-3 w-full empty:hidden\">\n<div class=\"text-center\">\u00a0<\/div>\n<\/div>\n<\/div>\n<div class=\"absolute\">\n<div class=\"flex items-center justify-center\">\u00a0<\/div>\n<\/div>\n<\/div>\n<\/div>\n<\/div>\n<\/article>\n<div class=\"pointer-events-none h-px w-px\" aria-hidden=\"true\" data-edge=\"true\">\u00a0<\/div>\n<p>[\/et_pb_blurb][et_pb_code admin_label=&#8220;Social Share Plugin&#8220; _builder_version=&#8220;4.16&#8243; custom_margin=&#8220;40px||40px|&#8220; z_index_tablet=&#8220;500&#8243; global_colors_info=&#8220;{}&#8220;]<div class=\"shariff shariff-align-flex-start shariff-widget-align-flex-start\"><div class=\"ShariffHeadline\">Partagez cette publication<\/div><ul class=\"shariff-buttons theme-default orientation-horizontal buttonsize-medium\"><li class=\"shariff-button mailto shariff-nocustomcolor\" style=\"background-color:#a8a8a8\"><a href=\"mailto:?body=https%3A%2F%2Fwww.renz-recht.de%2Ffr%2Fdroit-des-marques%2Fprotection-des-marques-en-suisse-enregistrez-votre-marque-legalement%2F&subject=Markenschutz%20in%20der%20Schweiz%20%E2%80%93%20Ihre%20Marke%20rechtssicher%20registrieren\" title=\"Envoyer par email\" aria-label=\"Envoyer par email\" role=\"button\" rel=\"noopener nofollow\" class=\"shariff-link\" style=\"; background-color:#999; color:#fff\"><span class=\"shariff-icon\" style=\"\"><svg width=\"32px\" height=\"20px\" xmlns=\"http:\/\/www.w3.org\/2000\/svg\" viewbox=\"0 0 32 32\"><path fill=\"#999\" d=\"M32 12.7v14.2q0 1.2-0.8 2t-2 0.9h-26.3q-1.2 0-2-0.9t-0.8-2v-14.2q0.8 0.9 1.8 1.6 6.5 4.4 8.9 6.1 1 0.8 1.6 1.2t1.7 0.9 2 0.4h0.1q0.9 0 2-0.4t1.7-0.9 1.6-1.2q3-2.2 8.9-6.1 1-0.7 1.8-1.6zM32 7.4q0 1.4-0.9 2.7t-2.2 2.2q-6.7 4.7-8.4 5.8-0.2 0.1-0.7 0.5t-1 0.7-0.9 0.6-1.1 0.5-0.9 0.2h-0.1q-0.4 0-0.9-0.2t-1.1-0.5-0.9-0.6-1-0.7-0.7-0.5q-1.6-1.1-4.7-3.2t-3.6-2.6q-1.1-0.7-2.1-2t-1-2.5q0-1.4 0.7-2.3t2.1-0.9h26.3q1.2 0 2 0.8t0.9 2z\"\/><\/svg><\/span><span class=\"shariff-text\">courriel<\/span>&nbsp;<\/a><\/li><\/ul><\/div>[\/et_pb_code][et_pb_blurb title=&#8220;\u00dcber die Autorin&#8220; content_max_width=&#8220;100%&#8220; admin_label=&#8220;\u00dcber die Autorin&#8220; _builder_version=&#8220;4.16&#8243; header_level=&#8220;h2&#8243; header_font_size=&#8220;27&#8243; custom_margin=&#8220;||0px|&#8220; locked=&#8220;on&#8220; global_colors_info=&#8220;{}&#8220;][\/et_pb_blurb][et_pb_team_member name=&#8220;Anne-Kathrin Renz&#8220; image_url=&#8220;https:\/\/www.renz-recht.de\/wp-content\/uploads\/2020\/03\/Renz__-scaled.jpg&#8220; admin_label=&#8220;Anne Kathrin Renz&#8220; _builder_version=&#8220;4.9.2&#8243; header_level=&#8220;h3&#8243; body_line_height=&#8220;1.3em&#8220; background_color=&#8220;#eeeeee&#8220; custom_padding=&#8220;18px|18px|18px|18px&#8220; z_index_tablet=&#8220;500&#8243; header_text_shadow_horizontal_length_tablet=&#8220;0px&#8220; header_text_shadow_vertical_length_tablet=&#8220;0px&#8220; header_text_shadow_blur_strength_tablet=&#8220;1px&#8220; body_text_shadow_horizontal_length_tablet=&#8220;0px&#8220; body_text_shadow_vertical_length_tablet=&#8220;0px&#8220; body_text_shadow_blur_strength_tablet=&#8220;1px&#8220; position_text_shadow_horizontal_length_tablet=&#8220;0px&#8220; position_text_shadow_vertical_length_tablet=&#8220;0px&#8220; position_text_shadow_blur_strength_tablet=&#8220;1px&#8220; body_link_text_shadow_horizontal_length_tablet=&#8220;0px&#8220; body_link_text_shadow_vertical_length_tablet=&#8220;0px&#8220; body_link_text_shadow_blur_strength_tablet=&#8220;1px&#8220; body_ul_text_shadow_horizontal_length_tablet=&#8220;0px&#8220; body_ul_text_shadow_vertical_length_tablet=&#8220;0px&#8220; body_ul_text_shadow_blur_strength_tablet=&#8220;1px&#8220; body_ol_text_shadow_horizontal_length_tablet=&#8220;0px&#8220; body_ol_text_shadow_vertical_length_tablet=&#8220;0px&#8220; body_ol_text_shadow_blur_strength_tablet=&#8220;1px&#8220; body_quote_text_shadow_horizontal_length_tablet=&#8220;0px&#8220; body_quote_text_shadow_vertical_length_tablet=&#8220;0px&#8220; body_quote_text_shadow_blur_strength_tablet=&#8220;1px&#8220; box_shadow_horizontal_tablet=&#8220;0px&#8220; box_shadow_vertical_tablet=&#8220;0px&#8220; box_shadow_blur_tablet=&#8220;40px&#8220; box_shadow_spread_tablet=&#8220;0px&#8220; box_shadow_horizontal_image_tablet=&#8220;0px&#8220; box_shadow_vertical_image_tablet=&#8220;0px&#8220; box_shadow_blur_image_tablet=&#8220;40px&#8220; box_shadow_spread_image_tablet=&#8220;0px&#8220; text_shadow_horizontal_length_tablet=&#8220;0px&#8220; text_shadow_vertical_length_tablet=&#8220;0px&#8220; text_shadow_blur_strength_tablet=&#8220;1px&#8220; global_module=&#8220;556&#8243; saved_tabs=&#8220;all&#8220; locked=&#8220;off&#8220; global_colors_info=&#8220;{}&#8220;]<\/p>\n<p>Anne-Kathrin Renz est avocate, d\u00e9l\u00e9gu\u00e9e \u00e0 la protection des donn\u00e9es et conf\u00e9renci\u00e8re. Elle a compl\u00e9t\u00e9 la partie th\u00e9orique de sa formation d&#039;avocate sp\u00e9cialis\u00e9e en droit de la propri\u00e9t\u00e9 intellectuelle et en droit des technologies de l&#039;information. Dans son blog, elle rend compte de sujets d\u2019actualit\u00e9 du monde num\u00e9rique du droit.<\/p>\n<p>[\/et_pb_team_member][\/et_pb_column][et_pb_column type=&#8220;1_3&#8243; _builder_version=&#8220;4.22.1&#8243; custom_padding=&#8220;|||&#8220; global_colors_info=&#8220;{}&#8220; custom_padding__hover=&#8220;|||&#8220;][et_pb_sidebar area=&#8220;et_pb_widget_area_2&#8243; admin_label=&#8220;Sidebar Kategorien&#8220; module_class=&#8220;sidebar-menu&#8220; _builder_version=&#8220;4.22.1&#8243; header_font_size=&#8220;30&#8243; header_line_height=&#8220;1.2em&#8220; body_font_size=&#8220;16&#8243; background_color=&#8220;#26173a&#8220; background_size=&#8220;initial&#8220; background_repeat=&#8220;repeat&#8220; background_layout=&#8220;dark&#8220; custom_margin=&#8220;||45px|&#8220; custom_padding=&#8220;18px|18px|18px|18px&#8220; z_index_tablet=&#8220;500&#8243; header_text_shadow_horizontal_length_tablet=&#8220;0px&#8220; header_text_shadow_vertical_length_tablet=&#8220;0px&#8220; header_text_shadow_blur_strength_tablet=&#8220;1px&#8220; body_text_shadow_horizontal_length_tablet=&#8220;0px&#8220; body_text_shadow_vertical_length_tablet=&#8220;0px&#8220; body_text_shadow_blur_strength_tablet=&#8220;1px&#8220; box_shadow_horizontal_tablet=&#8220;0px&#8220; box_shadow_vertical_tablet=&#8220;0px&#8220; box_shadow_blur_tablet=&#8220;40px&#8220; box_shadow_spread_tablet=&#8220;0px&#8220; text_shadow_horizontal_length_tablet=&#8220;0px&#8220; text_shadow_vertical_length_tablet=&#8220;0px&#8220; text_shadow_blur_strength_tablet=&#8220;1px&#8220; global_module=&#8220;182&#8243; saved_tabs=&#8220;all&#8220; locked=&#8220;off&#8220; global_colors_info=&#8220;{}&#8220;][\/et_pb_sidebar][et_pb_sidebar area=&#8220;et_pb_widget_area_1&#8243; admin_label=&#8220;Sidebar Kategorien&#8220; module_class=&#8220;sidebar-menu&#8220; _builder_version=&#8220;4.22.1&#8243; header_font_size=&#8220;30&#8243; header_line_height=&#8220;1.2em&#8220; body_font_size=&#8220;16&#8243; background_color=&#8220;#26173a&#8220; background_size=&#8220;initial&#8220; background_repeat=&#8220;repeat&#8220; background_layout=&#8220;dark&#8220; custom_margin=&#8220;||45px|&#8220; custom_padding=&#8220;18px|18px|18px|18px&#8220; z_index_tablet=&#8220;500&#8243; header_text_shadow_horizontal_length_tablet=&#8220;0px&#8220; header_text_shadow_vertical_length_tablet=&#8220;0px&#8220; header_text_shadow_blur_strength_tablet=&#8220;1px&#8220; body_text_shadow_horizontal_length_tablet=&#8220;0px&#8220; body_text_shadow_vertical_length_tablet=&#8220;0px&#8220; body_text_shadow_blur_strength_tablet=&#8220;1px&#8220; box_shadow_horizontal_tablet=&#8220;0px&#8220; box_shadow_vertical_tablet=&#8220;0px&#8220; box_shadow_blur_tablet=&#8220;40px&#8220; box_shadow_spread_tablet=&#8220;0px&#8220; text_shadow_horizontal_length_tablet=&#8220;0px&#8220; text_shadow_vertical_length_tablet=&#8220;0px&#8220; text_shadow_blur_strength_tablet=&#8220;1px&#8220; global_module=&#8220;182&#8243; saved_tabs=&#8220;all&#8220; locked=&#8220;off&#8220; global_colors_info=&#8220;{}&#8220;][\/et_pb_sidebar][et_pb_blurb title=&#8220;Jetzt Rechtsberatung anfragen!&#8220; content_max_width=&#8220;100%&#8220; admin_label=&#8220;Sidebar Kontaktformular&#8220; _builder_version=&#8220;4.16&#8243; header_level=&#8220;h3&#8243; header_font_size=&#8220;30&#8243; header_line_height=&#8220;1.2em&#8220; background_color=&#8220;#26173a&#8220; background_layout=&#8220;dark&#8220; custom_padding=&#8220;18px|18px|18px|18px&#8220; header_font_size_tablet=&#8220;&#8220; header_font_size_phone=&#8220;21&#8243; header_font_size_last_edited=&#8220;on|phone&#8220; z_index_tablet=&#8220;500&#8243; custom_css_blurb_title=&#8220;margin-bottom:9px !important;&#8220; header_text_shadow_horizontal_length_tablet=&#8220;0px&#8220; header_text_shadow_vertical_length_tablet=&#8220;0px&#8220; header_text_shadow_blur_strength_tablet=&#8220;1px&#8220; body_text_shadow_horizontal_length_tablet=&#8220;0px&#8220; body_text_shadow_vertical_length_tablet=&#8220;0px&#8220; body_text_shadow_blur_strength_tablet=&#8220;1px&#8220; body_link_text_shadow_horizontal_length_tablet=&#8220;0px&#8220; body_link_text_shadow_vertical_length_tablet=&#8220;0px&#8220; body_link_text_shadow_blur_strength_tablet=&#8220;1px&#8220; body_ul_text_shadow_horizontal_length_tablet=&#8220;0px&#8220; body_ul_text_shadow_vertical_length_tablet=&#8220;0px&#8220; body_ul_text_shadow_blur_strength_tablet=&#8220;1px&#8220; body_ol_text_shadow_horizontal_length_tablet=&#8220;0px&#8220; body_ol_text_shadow_vertical_length_tablet=&#8220;0px&#8220; body_ol_text_shadow_blur_strength_tablet=&#8220;1px&#8220; body_quote_text_shadow_horizontal_length_tablet=&#8220;0px&#8220; body_quote_text_shadow_vertical_length_tablet=&#8220;0px&#8220; body_quote_text_shadow_blur_strength_tablet=&#8220;1px&#8220; box_shadow_horizontal_tablet=&#8220;0px&#8220; box_shadow_vertical_tablet=&#8220;0px&#8220; box_shadow_blur_tablet=&#8220;40px&#8220; box_shadow_spread_tablet=&#8220;0px&#8220; box_shadow_horizontal_image_tablet=&#8220;0px&#8220; box_shadow_vertical_image_tablet=&#8220;0px&#8220; box_shadow_blur_image_tablet=&#8220;40px&#8220; box_shadow_spread_image_tablet=&#8220;0px&#8220; text_shadow_horizontal_length_tablet=&#8220;0px&#8220; text_shadow_vertical_length_tablet=&#8220;0px&#8220; text_shadow_blur_strength_tablet=&#8220;1px&#8220; saved_tabs=&#8220;all&#8220; locked=&#8220;off&#8220; global_colors_info=&#8220;{}&#8220;]\n<div class=\"wpcf7 no-js\" id=\"wpcf7-f160-o1\" lang=\"de-DE\" dir=\"ltr\" data-wpcf7-id=\"160\">\n<div class=\"screen-reader-response\"><p role=\"status\" aria-live=\"polite\" aria-atomic=\"true\"><\/p> <ul><\/ul><\/div>\n<form action=\"\/fr\/wp-json\/wp\/v2\/posts\/3513#wpcf7-f160-o1\" method=\"post\" class=\"wpcf7-form init wpcf7-acceptance-as-validation\" aria-label=\"Formulaire de contact\" enctype=\"multipart\/form-data\" novalidate=\"novalidate\" data-status=\"init\" data-trp-original-action=\"\/fr\/wp-json\/wp\/v2\/posts\/3513#wpcf7-f160-o1\">\n<fieldset class=\"hidden-fields-container\"><input type=\"hidden\" name=\"_wpcf7\" value=\"160\" \/><input type=\"hidden\" name=\"_wpcf7_version\" value=\"6.1.4\" \/><input type=\"hidden\" name=\"_wpcf7_locale\" value=\"de_DE\" \/><input type=\"hidden\" name=\"_wpcf7_unit_tag\" value=\"wpcf7-f160-o1\" \/><input type=\"hidden\" name=\"_wpcf7_container_post\" value=\"0\" \/><input type=\"hidden\" name=\"_wpcf7_posted_data_hash\" value=\"\" \/>\n<\/fieldset>\n<p>Les champs obligatoires sont marqu\u00e9s d&#039;un *.\n<\/p>\n<div class=\"form-row\">\n\t<p><span class=\"wpcf7-form-control-wrap\" data-name=\"vorname\"><input size=\"40\" maxlength=\"400\" class=\"wpcf7-form-control wpcf7-text wpcf7-validates-as-required\" aria-required=\"true\" aria-invalid=\"false\" placeholder=\"Nom*\" value=\"\" type=\"text\" name=\"vorname\" \/><\/span>\n\t<\/p>\n<\/div>\n<div class=\"form-row\">\n\t<p><span class=\"wpcf7-form-control-wrap\" data-name=\"email\"><input size=\"40\" maxlength=\"400\" class=\"wpcf7-form-control wpcf7-email wpcf7-validates-as-required wpcf7-text wpcf7-validates-as-email\" aria-required=\"true\" aria-invalid=\"false\" placeholder=\"Adresse email*\" value=\"\" type=\"email\" name=\"email\" \/><\/span><span id=\"wpcf7-69f19e189f1d5-wrapper\" class=\"wpcf7-form-control-wrap website-wrap\" ><label for=\"wpcf7-69f19e189f1d5-field\" class=\"hp-message\">Veuillez laisser ce champ vide.<\/label><input id=\"wpcf7-69f19e189f1d5-field\"  class=\"wpcf7-form-control wpcf7-text\" type=\"text\" name=\"website\" value=\"\" size=\"40\" tabindex=\"-1\" autocomplete=\"new-password\" \/><\/span>\n\t<\/p>\n<\/div>\n<div class=\"form-row\">\n\t<p><span class=\"wpcf7-form-control-wrap\" data-name=\"phone\"><input size=\"40\" maxlength=\"400\" class=\"wpcf7-form-control wpcf7-tel wpcf7-text wpcf7-validates-as-tel\" aria-invalid=\"false\" placeholder=\"Num\u00e9ro de t\u00e9l\u00e9phone\" value=\"\" type=\"tel\" name=\"phone\" \/><\/span>\n\t<\/p>\n<\/div>\n<div class=\"form-row\">\n\t<p><span class=\"wpcf7-form-control-wrap\" data-name=\"upload\"><input size=\"40\" class=\"wpcf7-form-control wpcf7-file\" accept=\".pdf,.doc,.jpeg,.jpg,.png\" aria-invalid=\"false\" type=\"file\" name=\"upload\" \/><\/span>\n\t<\/p>\n<\/div>\n<div class=\"form-row\">\n\t<p><span class=\"wpcf7-form-control-wrap\" data-name=\"nachricht\"><textarea cols=\"40\" rows=\"10\" maxlength=\"2000\" class=\"wpcf7-form-control wpcf7-textarea wpcf7-validates-as-required\" aria-required=\"true\" aria-invalid=\"false\" placeholder=\"Votre message*\" name=\"nachricht\"><\/textarea><\/span>\n\t<\/p>\n<\/div>\n<div>\n\t<p><span class=\"wpcf7-form-control-wrap\" data-name=\"acceptance-737\"><span class=\"wpcf7-form-control wpcf7-acceptance\"><span class=\"wpcf7-list-item\"><label><input type=\"checkbox\" name=\"acceptance-737\" value=\"1\" aria-invalid=\"false\" \/><span class=\"wpcf7-list-item-label\">Vos donn\u00e9es seront utilis\u00e9es pour r\u00e9pondre \u00e0 votre demande. Vous pouvez vous opposer \u00e0 tout moment \u00e0 l&#039;utilisation de vos donn\u00e9es sans encourir d&#039;autres frais que les frais de transmission selon les tarifs de base de votre fournisseur Internet. Pour plus d&#039;informations, veuillez consulter le <a href=\"\/fr\/politique-de-confidentialite\/\">Politique de confidentialit\u00e9<\/a><\/span><\/label><\/span><\/span><\/span>\n\t<\/p>\n<\/div>\n<div class=\"form-row\">\n\t<p><button type=\"submit\" class=\"button wpcf7-submit\">Envoyer une demande<\/button>\n\t<\/p>\n<\/div><div class=\"wpcf7-response-output\" aria-hidden=\"true\"><\/div>\n<input type=\"hidden\" name=\"trp-form-language\" value=\"fr\"\/><\/form>\n<\/div>\n[\/et_pb_blurb][\/et_pb_column][\/et_pb_row][\/et_pb_section]<\/p>","protected":false},"excerpt":{"rendered":"<p>Markenschutz in der Schweiz \u2013 Ihre Marke rechtssicher registrieren Unabh\u00e4ngig davon, wo sich Ihr Unternehmenssitz befindet, k\u00f6nnen Sie Ihre Marke in der Schweiz eintragen und sch\u00fctzen lassen. Die Registrierung erfolgt beim Eidgen\u00f6ssischen Institut f\u00fcr Geistiges Eigentum (IGE) in Bern \u2013 der zentralen Anlaufstelle f\u00fcr den Markenschutz in der Schweiz. Als erfahrener Anwalt f\u00fcr Markenrecht begleite [&hellip;]<\/p>","protected":false},"author":1,"featured_media":3530,"comment_status":"closed","ping_status":"closed","sticky":false,"template":"","format":"standard","meta":{"_et_pb_use_builder":"on","_et_pb_old_content":"","_et_gb_content_width":"","inline_featured_image":false,"footnotes":""},"categories":[27],"tags":[89,93,91],"class_list":["post-3513","post","type-post","status-publish","format-standard","has-post-thumbnail","hentry","category-markenrecht","tag-familienname-als-marke","tag-scheidung","tag-trennung"],"aioseo_notices":[],"aioseo_head":"\n\t\t<!-- All in One SEO Pro 4.9.6.2 - aioseo.com -->\n\t<link rel=\"canonical\" href=\"https:\/\/www.renz-recht.de\/fr\/et_pb_layout\/headline-subline_modul\/\" \/>\n\t<meta name=\"generator\" content=\"All in One SEO Pro (AIOSEO) 4.9.6.2\" \/>\n\t\t<meta property=\"og:locale\" content=\"fr_FR\" \/>\n\t\t<meta property=\"og:site_name\" content=\"Renz Recht - Anwalt Markenrecht Urheberrecht Saarbr\u00fccken - Rechtsanw\u00e4ltin Anne-Kathrin Renz\" \/>\n\t\t<meta property=\"og:type\" content=\"article\" \/>\n\t\t<meta property=\"og:title\" content=\"H2 \u00dcberschrift (zentriert) mit Subtext - Renz Recht - Anwalt Markenrecht Urheberrecht Saarbr\u00fccken\" \/>\n\t\t<meta property=\"og:url\" content=\"https:\/\/www.renz-recht.de\/fr\/et_pb_layout\/headline-subline_modul\/\" \/>\n\t\t<meta property=\"article:published_time\" content=\"2019-02-05T07:35:11+00:00\" \/>\n\t\t<meta property=\"article:modified_time\" content=\"2024-04-03T14:27:11+00:00\" \/>\n\t\t<meta name=\"twitter:card\" content=\"summary_large_image\" \/>\n\t\t<meta name=\"twitter:title\" content=\"H2 \u00dcberschrift (zentriert) mit Subtext - Renz Recht - Anwalt Markenrecht Urheberrecht Saarbr\u00fccken\" \/>\n\t\t<script type=\"application\/ld+json\" class=\"aioseo-schema\">\n\t\t\t{\"@context\":\"https:\\\/\\\/schema.org\",\"@graph\":[{\"@type\":\"BreadcrumbList\",\"@id\":\"https:\\\/\\\/www.renz-recht.de\\\/fr\\\/et_pb_layout\\\/headline-subline_modul\\\/#breadcrumblist\",\"itemListElement\":[{\"@type\":\"ListItem\",\"@id\":\"https:\\\/\\\/www.renz-recht.de\\\/fr#listItem\",\"position\":1,\"name\":\"Home\",\"item\":\"https:\\\/\\\/www.renz-recht.de\\\/fr\",\"nextItem\":{\"@type\":\"ListItem\",\"@id\":\"https:\\\/\\\/www.renz-recht.de\\\/fr\\\/categorie\\\/droit-des-marques\\\/#listItem\",\"name\":\"Markenrecht\"}},{\"@type\":\"ListItem\",\"@id\":\"https:\\\/\\\/www.renz-recht.de\\\/fr\\\/categorie\\\/droit-des-marques\\\/#listItem\",\"position\":2,\"name\":\"Markenrecht\",\"item\":\"https:\\\/\\\/www.renz-recht.de\\\/fr\\\/categorie\\\/droit-des-marques\\\/\",\"nextItem\":{\"@type\":\"ListItem\",\"@id\":\"https:\\\/\\\/www.renz-recht.de\\\/fr\\\/droit-des-marques\\\/protection-des-marques-en-suisse-enregistrez-votre-marque-legalement\\\/#listItem\",\"name\":\"Markenschutz in der Schweiz \\u2013 Ihre Marke rechtssicher registrieren\"},\"previousItem\":{\"@type\":\"ListItem\",\"@id\":\"https:\\\/\\\/www.renz-recht.de\\\/fr#listItem\",\"name\":\"Home\"}},{\"@type\":\"ListItem\",\"@id\":\"https:\\\/\\\/www.renz-recht.de\\\/fr\\\/droit-des-marques\\\/protection-des-marques-en-suisse-enregistrez-votre-marque-legalement\\\/#listItem\",\"position\":3,\"name\":\"Markenschutz in der Schweiz \\u2013 Ihre Marke rechtssicher registrieren\",\"previousItem\":{\"@type\":\"ListItem\",\"@id\":\"https:\\\/\\\/www.renz-recht.de\\\/fr\\\/categorie\\\/droit-des-marques\\\/#listItem\",\"name\":\"Markenrecht\"}}]},{\"@type\":\"Organization\",\"@id\":\"https:\\\/\\\/www.renz-recht.de\\\/fr\\\/#organization\",\"name\":\"Rechtsanw\\u00e4ltin Anne-Kathrin Renz Saarbr\\u00fccken\",\"description\":\"Rechtsanw\\u00e4ltin Anne-Kathrin Renz\",\"url\":\"https:\\\/\\\/www.renz-recht.de\\\/fr\\\/\",\"telephone\":\"+4968195810588\",\"logo\":{\"@type\":\"ImageObject\",\"url\":\"https:\\\/\\\/www.renz-recht.de\\\/wp-content\\\/uploads\\\/2023\\\/11\\\/logo-renz-recht_sw.svg\",\"@id\":\"https:\\\/\\\/www.renz-recht.de\\\/fr\\\/et_pb_layout\\\/headline-subline_modul\\\/#organizationLogo\"},\"image\":{\"@id\":\"https:\\\/\\\/www.renz-recht.de\\\/fr\\\/et_pb_layout\\\/headline-subline_modul\\\/#organizationLogo\"}},{\"@type\":\"WebPage\",\"@id\":\"https:\\\/\\\/www.renz-recht.de\\\/fr\\\/et_pb_layout\\\/headline-subline_modul\\\/#webpage\",\"url\":\"https:\\\/\\\/www.renz-recht.de\\\/fr\\\/et_pb_layout\\\/headline-subline_modul\\\/\",\"name\":\"H2 \\u00dcberschrift (zentriert) mit Subtext - Renz Recht - Anwalt Markenrecht Urheberrecht Saarbr\\u00fccken\",\"inLanguage\":\"fr-FR\",\"isPartOf\":{\"@id\":\"https:\\\/\\\/www.renz-recht.de\\\/fr\\\/#website\"},\"breadcrumb\":{\"@id\":\"https:\\\/\\\/www.renz-recht.de\\\/fr\\\/et_pb_layout\\\/headline-subline_modul\\\/#breadcrumblist\"},\"datePublished\":\"2019-02-05T08:35:11+01:00\",\"dateModified\":\"2024-04-03T16:27:11+02:00\"},{\"@type\":\"WebSite\",\"@id\":\"https:\\\/\\\/www.renz-recht.de\\\/fr\\\/#website\",\"url\":\"https:\\\/\\\/www.renz-recht.de\\\/fr\\\/\",\"name\":\"Rechtsanw\\u00e4ltin Anne-Kathrin Renz Saarbr\\u00fccken\",\"alternateName\":\"Rechtsanw\\u00e4ltin Markenrecht Saarbr\\u00fccken\",\"description\":\"Rechtsanw\\u00e4ltin Anne-Kathrin Renz\",\"inLanguage\":\"fr-FR\",\"publisher\":{\"@id\":\"https:\\\/\\\/www.renz-recht.de\\\/fr\\\/#organization\"}}]}\n\t\t<\/script>\n\t\t<!-- All in One SEO Pro -->\r\n\t\t<title>H2 \u00dcberschrift (zentriert) mit Subtext - Renz Recht - Anwalt Markenrecht Urheberrecht Saarbr\u00fccken<\/title>\n\n","aioseo_head_json":{"title":"Titre H2 (centr\u00e9) avec sous-titre\u00a0: Renz Law - Avocat sp\u00e9cialis\u00e9 en droit des marques et du droit d&#039;auteur, Sarrebruck","description":"","canonical_url":"https:\/\/www.renz-recht.de\/fr\/et_pb_layout\/headline-subline_modul\/","robots":"","keywords":"","webmasterTools":{"miscellaneous":""},"schema":{"@context":"https:\/\/schema.org","@graph":[{"@type":"BreadcrumbList","@id":"https:\/\/www.renz-recht.de\/fr\/et_pb_layout\/headline-subline_modul\/#breadcrumblist","itemListElement":[{"@type":"ListItem","@id":"https:\/\/www.renz-recht.de\/fr#listItem","position":1,"name":"Home","item":"https:\/\/www.renz-recht.de\/fr","nextItem":{"@type":"ListItem","@id":"https:\/\/www.renz-recht.de\/fr\/categorie\/droit-des-marques\/#listItem","name":"Markenrecht"}},{"@type":"ListItem","@id":"https:\/\/www.renz-recht.de\/fr\/categorie\/droit-des-marques\/#listItem","position":2,"name":"Markenrecht","item":"https:\/\/www.renz-recht.de\/fr\/categorie\/droit-des-marques\/","nextItem":{"@type":"ListItem","@id":"https:\/\/www.renz-recht.de\/fr\/droit-des-marques\/protection-des-marques-en-suisse-enregistrez-votre-marque-legalement\/#listItem","name":"Markenschutz in der Schweiz \u2013 Ihre Marke rechtssicher registrieren"},"previousItem":{"@type":"ListItem","@id":"https:\/\/www.renz-recht.de\/fr#listItem","name":"Home"}},{"@type":"ListItem","@id":"https:\/\/www.renz-recht.de\/fr\/droit-des-marques\/protection-des-marques-en-suisse-enregistrez-votre-marque-legalement\/#listItem","position":3,"name":"Markenschutz in der Schweiz \u2013 Ihre Marke rechtssicher registrieren","previousItem":{"@type":"ListItem","@id":"https:\/\/www.renz-recht.de\/fr\/categorie\/droit-des-marques\/#listItem","name":"Markenrecht"}}]},{"@type":"Organization","@id":"https:\/\/www.renz-recht.de\/fr\/#organization","name":"Rechtsanw\u00e4ltin Anne-Kathrin Renz Saarbr\u00fccken","description":"Rechtsanw\u00e4ltin Anne-Kathrin Renz","url":"https:\/\/www.renz-recht.de\/fr\/","telephone":"+4968195810588","logo":{"@type":"ImageObject","url":"https:\/\/www.renz-recht.de\/wp-content\/uploads\/2023\/11\/logo-renz-recht_sw.svg","@id":"https:\/\/www.renz-recht.de\/fr\/et_pb_layout\/headline-subline_modul\/#organizationLogo"},"image":{"@id":"https:\/\/www.renz-recht.de\/fr\/et_pb_layout\/headline-subline_modul\/#organizationLogo"}},{"@type":"WebPage","@id":"https:\/\/www.renz-recht.de\/fr\/et_pb_layout\/headline-subline_modul\/#webpage","url":"https:\/\/www.renz-recht.de\/fr\/et_pb_layout\/headline-subline_modul\/","name":"H2 \u00dcberschrift (zentriert) mit Subtext - Renz Recht - Anwalt Markenrecht Urheberrecht Saarbr\u00fccken","inLanguage":"fr-FR","isPartOf":{"@id":"https:\/\/www.renz-recht.de\/fr\/#website"},"breadcrumb":{"@id":"https:\/\/www.renz-recht.de\/fr\/et_pb_layout\/headline-subline_modul\/#breadcrumblist"},"datePublished":"2019-02-05T08:35:11+01:00","dateModified":"2024-04-03T16:27:11+02:00"},{"@type":"WebSite","@id":"https:\/\/www.renz-recht.de\/fr\/#website","url":"https:\/\/www.renz-recht.de\/fr\/","name":"Rechtsanw\u00e4ltin Anne-Kathrin Renz Saarbr\u00fccken","alternateName":"Rechtsanw\u00e4ltin Markenrecht Saarbr\u00fccken","description":"Rechtsanw\u00e4ltin Anne-Kathrin Renz","inLanguage":"fr-FR","publisher":{"@id":"https:\/\/www.renz-recht.de\/fr\/#organization"}}]},"og:locale":"fr_FR","og:site_name":"Renz Recht - Anwalt Markenrecht Urheberrecht Saarbr\u00fccken - Rechtsanw\u00e4ltin Anne-Kathrin Renz","og:type":"article","og:title":"H2 \u00dcberschrift (zentriert) mit Subtext - Renz Recht - Anwalt Markenrecht Urheberrecht Saarbr\u00fccken","og:url":"https:\/\/www.renz-recht.de\/fr\/et_pb_layout\/headline-subline_modul\/","article:published_time":"2019-02-05T07:35:11+00:00","article:modified_time":"2024-04-03T14:27:11+00:00","twitter:card":"summary_large_image","twitter:title":"H2 \u00dcberschrift (zentriert) mit Subtext - Renz Recht - Anwalt Markenrecht Urheberrecht Saarbr\u00fccken"},"aioseo_meta_data":{"post_id":"3513","title":null,"description":null,"keywords":null,"keyphrases":{"focus":{"keyphrase":"Familienname als Marke","score":47,"analysis":{"keyphraseInTitle":{"score":3,"maxScore":9,"error":1},"keyphraseInDescription":{"score":9,"maxScore":9,"error":0},"keyphraseLength":{"score":9,"maxScore":9,"error":0,"length":3},"keyphraseInURL":{"score":1,"maxScore":5,"error":1},"keyphraseInIntroduction":{"score":3,"maxScore":9,"error":1},"keyphraseInSubHeadings":{"score":3,"maxScore":9,"error":1},"keyphraseInImageAlt":[],"keywordDensity":{"score":0,"type":"low","maxScore":9,"error":1}}},"additional":[]},"primary_term":null,"canonical_url":null,"og_title":null,"og_description":null,"og_object_type":"default","og_image_type":"default","og_image_url":null,"og_image_width":null,"og_image_height":null,"og_image_custom_url":null,"og_image_custom_fields":null,"og_video":"","og_custom_url":null,"og_article_section":null,"og_article_tags":null,"twitter_use_og":false,"twitter_card":"default","twitter_image_type":"default","twitter_image_url":null,"twitter_image_custom_url":null,"twitter_image_custom_fields":null,"twitter_title":null,"twitter_description":null,"schema":{"blockGraphs":[],"customGraphs":[],"default":{"data":{"Article":[],"Course":[],"Dataset":[],"FAQPage":[],"Movie":[],"Person":[],"Product":[],"ProductReview":[],"Car":[],"Recipe":[],"Service":[],"SoftwareApplication":[],"WebPage":[]},"graphName":"BlogPosting","isEnabled":true},"graphs":[]},"schema_type":"default","schema_type_options":null,"pillar_content":false,"robots_default":true,"robots_noindex":false,"robots_noarchive":false,"robots_nosnippet":false,"robots_nofollow":false,"robots_noimageindex":false,"robots_noodp":false,"robots_notranslate":false,"robots_max_snippet":"-1","robots_max_videopreview":"-1","robots_max_imagepreview":"large","priority":null,"frequency":"default","local_seo":null,"seo_analyzer_scan_date":"2025-08-14 21:04:57","breadcrumb_settings":null,"limit_modified_date":false,"open_ai":"{\"title\":{\"suggestions\":[],\"usage\":0},\"description\":{\"suggestions\":[],\"usage\":0}}","ai":null,"created":"2025-06-12 10:34:33","updated":"2025-08-14 21:04:57"},"aioseo_breadcrumb":"<div class=\"aioseo-breadcrumbs\"><span class=\"aioseo-breadcrumb\">\n\t<a href=\"https:\/\/www.renz-recht.de\/fr\" title=\"Home\">Home<\/a>\n<\/span><span class=\"aioseo-breadcrumb-separator\">&raquo;<\/span><span class=\"aioseo-breadcrumb\">\n\t<a href=\"https:\/\/www.renz-recht.de\/fr\/categorie\/droit-des-marques\/\" title=\"Markenrecht\">Markenrecht<\/a>\n<\/span><span class=\"aioseo-breadcrumb-separator\">&raquo;<\/span><span class=\"aioseo-breadcrumb\">\n\tMarkenschutz in der Schweiz \u2013 Ihre Marke rechtssicher registrieren\n<\/span><\/div>","aioseo_breadcrumb_json":[{"label":"Home","link":"https:\/\/www.renz-recht.de\/fr"},{"label":"Markenrecht","link":"https:\/\/www.renz-recht.de\/fr\/categorie\/droit-des-marques\/"},{"label":"Markenschutz in der Schweiz \u2013 Ihre Marke rechtssicher registrieren","link":"https:\/\/www.renz-recht.de\/fr\/droit-des-marques\/protection-des-marques-en-suisse-enregistrez-votre-marque-legalement\/"}],"_links":{"self":[{"href":"https:\/\/www.renz-recht.de\/fr\/wp-json\/wp\/v2\/posts\/3513","targetHints":{"allow":["GET"]}}],"collection":[{"href":"https:\/\/www.renz-recht.de\/fr\/wp-json\/wp\/v2\/posts"}],"about":[{"href":"https:\/\/www.renz-recht.de\/fr\/wp-json\/wp\/v2\/types\/post"}],"author":[{"embeddable":true,"href":"https:\/\/www.renz-recht.de\/fr\/wp-json\/wp\/v2\/users\/1"}],"replies":[{"embeddable":true,"href":"https:\/\/www.renz-recht.de\/fr\/wp-json\/wp\/v2\/comments?post=3513"}],"version-history":[{"count":3,"href":"https:\/\/www.renz-recht.de\/fr\/wp-json\/wp\/v2\/posts\/3513\/revisions"}],"predecessor-version":[{"id":3531,"href":"https:\/\/www.renz-recht.de\/fr\/wp-json\/wp\/v2\/posts\/3513\/revisions\/3531"}],"wp:featuredmedia":[{"embeddable":true,"href":"https:\/\/www.renz-recht.de\/fr\/wp-json\/wp\/v2\/media\/3530"}],"wp:attachment":[{"href":"https:\/\/www.renz-recht.de\/fr\/wp-json\/wp\/v2\/media?parent=3513"}],"wp:term":[{"taxonomy":"category","embeddable":true,"href":"https:\/\/www.renz-recht.de\/fr\/wp-json\/wp\/v2\/categories?post=3513"},{"taxonomy":"post_tag","embeddable":true,"href":"https:\/\/www.renz-recht.de\/fr\/wp-json\/wp\/v2\/tags?post=3513"}],"curies":[{"name":"wp","href":"https:\/\/api.w.org\/{rel}","templated":true}]}}